{"id":23797,"date":"2016-06-01T12:46:39","date_gmt":"2016-06-01T17:46:39","guid":{"rendered":"https:\/\/radiowebmx.com\/nota\/?p=23797"},"modified":"2016-06-01T12:46:39","modified_gmt":"2016-06-01T17:46:39","slug":"cecytem-a-la-vanguardia-nacional-con-comunidades-de-aprendizaje","status":"publish","type":"post","link":"https:\/\/radiowebmx.com\/nota\/cecytem-a-la-vanguardia-nacional-con-comunidades-de-aprendizaje\/","title":{"rendered":"CECyTEM, a la vanguardia nacional con Comunidades de Aprendizaje"},"content":{"rendered":"<p>Con el objetivo de continuar con la capacitaci\u00f3n al personal directivo del Colegio de Estudios Cient\u00edficos y Tecnol\u00f3gicos del Estado de Michoac\u00e1n (CECyTEM), se puso en marcha la Comunidad de Aprendizaje Directiva, con lo cual el subsistema se pone a la vanguardia nacional como el \u00fanica que trabaja con ese modelo.<\/p>\n<p>Durante la inauguraci\u00f3n de Comunidades de Aprendizaje y ante la asistencia de 264 asistentes, la directora general del CECyTEM, Mar\u00eda del Carm<a href=\"https:\/\/radiowebmx.com\/nota\/wp-content\/uploads\/2016\/06\/6bb5c3e0-09c7-4310-aefd-9e871d4b7b49.jpg\"><img loading=\"lazy\" decoding=\"async\" class=\"alignleft size-full wp-image-23798\" src=\"https:\/\/radiowebmx.com\/nota\/wp-content\/uploads\/2016\/06\/6bb5c3e0-09c7-4310-aefd-9e871d4b7b49.jpg\" alt=\"6bb5c3e0-09c7-4310-aefd-9e871d4b7b49\" width=\"591\" height=\"245\" srcset=\"https:\/\/radiowebmx.com\/nota\/wp-content\/uploads\/2016\/06\/6bb5c3e0-09c7-4310-aefd-9e871d4b7b49.jpg 591w, https:\/\/radiowebmx.com\/nota\/wp-content\/uploads\/2016\/06\/6bb5c3e0-09c7-4310-aefd-9e871d4b7b49-300x124.jpg 300w\" sizes=\"auto, (max-width: 591px) 100vw, 591px\" \/><\/a>en Escobedo P\u00e9rez, destac\u00f3 que \u00e9sta es una forma diferente de adquirir conocimientos desarrollados en diferentes partes del mundo y que han tenido gran \u00e9xito.<\/p>\n<p>\u201cSon la construcci\u00f3n del conocimiento colectivo, lo que la gente puede aportar desde el discernimiento, y por tanto en el CECyTEM existe una gran riqueza en su personal directivo y se tiene que potencializar. Por eso, ahora el subsistema preparar\u00e1\u00a0a todas aquellos que tengan funci\u00f3n directiva\u201d, refiri\u00f3.<\/p>\n<p>La Comunidad de Aprendizaje puesta en marcha este martes traer\u00e1 una diversidad de conocimientos para los directivos del Colegio a trav\u00e9s de foros, documentos y conocimientos enfocados a trav\u00e9s de tutores.<\/p>\n<p>Carmen Escobedo enfatiz\u00f3 que \u201cexiste mucha confianza para no s\u00f3lo enfrentar el reto de la capacitaci\u00f3n, sino para seguir construyendo la unidad en el CECyTEM, en conjunto con los docentes y los padres de familia. Ustedes son los l\u00edderes en cada una de sus \u00e1reas, acad\u00e9micos, administrativos, los directores, los responsables de los CEMSAD (Centros de Educaci\u00f3n Media Superior a Distancia), coordinadores y auxiliares. Ahora marcamos la l\u00ednea, ya que el subsistema avanza con el uso de las nuevas tecnolog\u00edas para el proceso de ense\u00f1anza aprendizaje y la parte directiva acepta el reto de seguir hacia adelante\u201d.<\/p>\n<p>La Comunidad de Aprendizaje del CECyTEM tendr\u00e1 dos etapas: la primera es de 12 semanas de conocimientos generales y cuatro semanas adicionales espec\u00edficas para los directores de planteles, subdirectores acad\u00e9micos, jefe de departamento acad\u00e9mico y jefe de departamento administrativo.<\/p>\n","protected":false},"excerpt":{"rendered":"<p>Con el objetivo de continuar con la capacitaci\u00f3n al personal directivo del CECyTEM, se puso en marcha la Comunidad de Aprendizaje Directiva, con lo cual el subsistema se pone a la vanguardia nacional como el \u00fanica que trabaja con ese modelo.<\/p>\n","protected":false},"author":1,"featured_media":23798,"comment_status":"open","ping_status":"open","sticky":false,"template":"","format":"standard","meta":{"footnotes":""},"categories":[14,3],"tags":[],"class_list":["post-23797","post","type-post","status-publish","format-standard","has-post-thumbnail","hentry","category-destacadas","category-gobierno-del-estado-de-michoacan"],"_links":{"self":[{"href":"https:\/\/radiowebmx.com\/nota\/wp-json\/wp\/v2\/posts\/23797","targetHints":{"allow":["GET"]}}],"collection":[{"href":"https:\/\/radiowebmx.com\/nota\/wp-json\/wp\/v2\/posts"}],"about":[{"href":"https:\/\/radiowebmx.com\/nota\/wp-json\/wp\/v2\/types\/post"}],"author":[{"embeddable":true,"href":"https:\/\/radiowebmx.com\/nota\/wp-json\/wp\/v2\/users\/1"}],"replies":[{"embeddable":true,"href":"https:\/\/radiowebmx.com\/nota\/wp-json\/wp\/v2\/comments?post=23797"}],"version-history":[{"count":1,"href":"https:\/\/radiowebmx.com\/nota\/wp-json\/wp\/v2\/posts\/23797\/revisions"}],"predecessor-version":[{"id":23799,"href":"https:\/\/radiowebmx.com\/nota\/wp-json\/wp\/v2\/posts\/23797\/revisions\/23799"}],"wp:featuredmedia":[{"embeddable":true,"href":"https:\/\/radiowebmx.com\/nota\/wp-json\/wp\/v2\/media\/23798"}],"wp:attachment":[{"href":"https:\/\/radiowebmx.com\/nota\/wp-json\/wp\/v2\/media?parent=23797"}],"wp:term":[{"taxonomy":"category","embeddable":true,"href":"https:\/\/radiowebmx.com\/nota\/wp-json\/wp\/v2\/categories?post=23797"},{"taxonomy":"post_tag","embeddable":true,"href":"https:\/\/radiowebmx.com\/nota\/wp-json\/wp\/v2\/tags?post=23797"}],"curies":[{"name":"wp","href":"https:\/\/api.w.org\/{rel}","templated":true}]}}