{"id":23774,"date":"2016-05-27T17:30:01","date_gmt":"2016-05-27T22:30:01","guid":{"rendered":"https:\/\/radiowebmx.com\/nota\/?p=23774"},"modified":"2016-05-27T17:30:01","modified_gmt":"2016-05-27T22:30:01","slug":"alcanzar-cobertura-del-100-en-servicios-medicos-con-apoyo-de-profesionales-de-la-salud-silvano-aureoles","status":"publish","type":"post","link":"https:\/\/radiowebmx.com\/nota\/alcanzar-cobertura-del-100-en-servicios-medicos-con-apoyo-de-profesionales-de-la-salud-silvano-aureoles\/","title":{"rendered":"Alcanzar cobertura del 100% en servicios m\u00e9dicos con apoyo de profesionales de la salud: Silvano Aureoles"},"content":{"rendered":"<p><a href=\"https:\/\/radiowebmx.com\/nota\/wp-content\/uploads\/2016\/05\/e3356230-bc94-4db5-9965-e4d13125a42b.jpg\"><img loading=\"lazy\" decoding=\"async\" class=\"alignleft size-full wp-image-23775\" src=\"https:\/\/radiowebmx.com\/nota\/wp-content\/uploads\/2016\/05\/e3356230-bc94-4db5-9965-e4d13125a42b.jpg\" alt=\"e3356230-bc94-4db5-9965-e4d13125a42b\" width=\"591\" height=\"332\" srcset=\"https:\/\/radiowebmx.com\/nota\/wp-content\/uploads\/2016\/05\/e3356230-bc94-4db5-9965-e4d13125a42b.jpg 591w, https:\/\/radiowebmx.com\/nota\/wp-content\/uploads\/2016\/05\/e3356230-bc94-4db5-9965-e4d13125a42b-300x169.jpg 300w, https:\/\/radiowebmx.com\/nota\/wp-content\/uploads\/2016\/05\/e3356230-bc94-4db5-9965-e4d13125a42b-128x72.jpg 128w\" sizes=\"auto, (max-width: 591px) 100vw, 591px\" \/><\/a>El Gobernador Constitucional Silvano Aureoles Conejo, apadrin\u00f3 este d\u00eda a la generaci\u00f3n 2011-2016 de la Facultad de Ciencias M\u00e9dicas y Biol\u00f3gicas &#8220;Dr. Ignacio Ch\u00e1vez&#8221;, de la Universidad Michoacana de San Nicol\u00e1s de Hidalgo, donde manifest\u00f3 que su Gobierno requiere del apoyo de los profesionales de la salud para alcanzar una cobertura del 100 por ciento en los servicios m\u00e9dicos que se prestan a la poblaci\u00f3n.<\/p>\n<p>Para ello, anunci\u00f3 que en pr\u00f3ximas fechas estar\u00e1 listo un programa de incentivos a los mejores promedios de esta Facultad, para que puedan egresar y hacer una especialidad, y recalc\u00f3 que el apoyo de estos profesionistas es fundamental para la operaci\u00f3n del Programa M\u00e9dico en tu Casa, con el cual dijo estar seguro, se lograr\u00e1 llegar a las comunidades m\u00e1s alejadas cuyos habitantes requieren de atenci\u00f3n m\u00e9dica.<\/p>\n<p>Aureoles Conejo refiri\u00f3 que actualmente, s\u00f3lo el 40 por ciento de los profesionales de la salud cuentan con un trabajo en los servicios de salud p\u00fablicos, por lo que adelant\u00f3 que buscar\u00e1 que se ampl\u00ede el n\u00famero de plazas laborales con un doble prop\u00f3sito: ocupar a un mayor n\u00famero de m\u00e9dicos y lograr la cobertura del 100 por ciento en salud en la geograf\u00eda estatal, puesto que actualmente el alcance es del 70 por ciento.<\/p>\n<p>&#8220;El pr\u00f3ximo a\u00f1o invertiremos m\u00e1s recursos porque en la salud no se gasta, se invierte para que muchas y muchos de ustedes nos est\u00e9n acompa\u00f1ando en estas acciones de salud&#8221;, dijo el mandatario a las y los egresados, al tiempo de felicitar tambi\u00e9n a los padres de familia, pues este logro de sus hijos materializa el esfuerzo de las mam\u00e1s y pap\u00e1s.<\/p>\n<p>Por su parte, el rector de la UMSNH, Medardo Serna Gonz\u00e1lez, reconoci\u00f3 al Gobernador Aureoles Conejo como &#8220;principal aliado de la educaci\u00f3n en Michoac\u00e1n&#8221;.<\/p>\n<p>A los 460 egresadas y egresados los felicit\u00f3 por su esfuerzo, dedicaci\u00f3n y vocaci\u00f3n al culminar esta importante etapa de su vida, y los conmin\u00f3 a regresar a la sociedad michoacana y mexicana, todo lo que a trav\u00e9s de sus contribuciones aportaron para que las y los j\u00f3venes se formaran en una de las Facultades m\u00e1s destacadas a nivel nacional, que este a\u00f1o recibi\u00f3 doble acreditaci\u00f3n.<\/p>\n<p>A nombre de las y los j\u00f3venes que terminan su etapa te\u00f3rica en la Facultad, la alumna Melissa Elena Rodr\u00edguez Quintero, relat\u00f3 todas las experiencias obtenidas en las aulas en estos cinco a\u00f1os y las ense\u00f1anzas profesionales y \u00e9ticas que las mismas les dejaron.<\/p>\n<p>El Gobernador y las autoridades educativas, entregaron Cartas de Pasante a un grupo de alumnos con los mejores promedios de la generaci\u00f3n.<\/p>\n<p>Estuvieron presentes tambi\u00e9n Silvia Hern\u00e1ndez Capi, directora de la Facultad; Wendy Chac\u00f3n Pizano, coordinadora M\u00e9dica de Educaci\u00f3n en Salud de la delegaci\u00f3n del IMSS en la entidad; Adri\u00e1n Avellaneda Hern\u00e1ndez, delegado federal del ISSSTE; y Gaudencio Anaya S\u00e1nchez, secretario del Sindicato de Profesores de la Universidad Michoacana.<\/p>\n","protected":false},"excerpt":{"rendered":"<p>El Gobernador Constitucional Silvano Aureoles Conejo, apadrin\u00f3 este d\u00eda a la generaci\u00f3n 2011-2016 de la Facultad de Ciencias M\u00e9dicas y Biol\u00f3gicas &#8220;Dr. Ignacio Ch\u00e1vez&#8221;,<\/p>\n","protected":false},"author":1,"featured_media":23775,"comment_status":"open","ping_status":"open","sticky":false,"template":"","format":"standard","meta":{"footnotes":""},"categories":[14,3],"tags":[],"class_list":["post-23774","post","type-post","status-publish","format-standard","has-post-thumbnail","hentry","category-destacadas","category-gobierno-del-estado-de-michoacan"],"_links":{"self":[{"href":"https:\/\/radiowebmx.com\/nota\/wp-json\/wp\/v2\/posts\/23774","targetHints":{"allow":["GET"]}}],"collection":[{"href":"https:\/\/radiowebmx.com\/nota\/wp-json\/wp\/v2\/posts"}],"about":[{"href":"https:\/\/radiowebmx.com\/nota\/wp-json\/wp\/v2\/types\/post"}],"author":[{"embeddable":true,"href":"https:\/\/radiowebmx.com\/nota\/wp-json\/wp\/v2\/users\/1"}],"replies":[{"embeddable":true,"href":"https:\/\/radiowebmx.com\/nota\/wp-json\/wp\/v2\/comments?post=23774"}],"version-history":[{"count":1,"href":"https:\/\/radiowebmx.com\/nota\/wp-json\/wp\/v2\/posts\/23774\/revisions"}],"predecessor-version":[{"id":23776,"href":"https:\/\/radiowebmx.com\/nota\/wp-json\/wp\/v2\/posts\/23774\/revisions\/23776"}],"wp:featuredmedia":[{"embeddable":true,"href":"https:\/\/radiowebmx.com\/nota\/wp-json\/wp\/v2\/media\/23775"}],"wp:attachment":[{"href":"https:\/\/radiowebmx.com\/nota\/wp-json\/wp\/v2\/media?parent=23774"}],"wp:term":[{"taxonomy":"category","embeddable":true,"href":"https:\/\/radiowebmx.com\/nota\/wp-json\/wp\/v2\/categories?post=23774"},{"taxonomy":"post_tag","embeddable":true,"href":"https:\/\/radiowebmx.com\/nota\/wp-json\/wp\/v2\/tags?post=23774"}],"curies":[{"name":"wp","href":"https:\/\/api.w.org\/{rel}","templated":true}]}}