{"id":23771,"date":"2016-05-27T17:25:16","date_gmt":"2016-05-27T22:25:16","guid":{"rendered":"https:\/\/radiowebmx.com\/nota\/?p=23771"},"modified":"2016-05-27T17:25:16","modified_gmt":"2016-05-27T22:25:16","slug":"ayuntamiento-de-morelia-reconoce-y-apoya-a-jovenes-destacados","status":"publish","type":"post","link":"https:\/\/radiowebmx.com\/nota\/ayuntamiento-de-morelia-reconoce-y-apoya-a-jovenes-destacados\/","title":{"rendered":"Ayuntamiento de Morelia reconoce y apoya a j\u00f3venes destacados"},"content":{"rendered":"<p><a href=\"https:\/\/radiowebmx.com\/nota\/wp-content\/uploads\/2016\/05\/6f484fa6-41dd-4dd8-b790-a65f7745a99b.jpg\"><img loading=\"lazy\" decoding=\"async\" class=\"alignleft size-full wp-image-23772\" src=\"https:\/\/radiowebmx.com\/nota\/wp-content\/uploads\/2016\/05\/6f484fa6-41dd-4dd8-b790-a65f7745a99b.jpg\" alt=\"6f484fa6-41dd-4dd8-b790-a65f7745a99b\" width=\"591\" height=\"324\" srcset=\"https:\/\/radiowebmx.com\/nota\/wp-content\/uploads\/2016\/05\/6f484fa6-41dd-4dd8-b790-a65f7745a99b.jpg 591w, https:\/\/radiowebmx.com\/nota\/wp-content\/uploads\/2016\/05\/6f484fa6-41dd-4dd8-b790-a65f7745a99b-300x164.jpg 300w\" sizes=\"auto, (max-width: 591px) 100vw, 591px\" \/><\/a>Con la finalidad de reconocer el potencial, la perseverancia, creatividad y excelencia en diversas ramas por parte de los j\u00f3venes de la capital michoacana, el Ayuntamiento de Morelia, a trav\u00e9s del Instituto de la Juventud Moreliana entreg\u00f3 la condecoraci\u00f3n al \u201cMerito Juvenil 2016\u201d, a 13 j\u00f3venes destacados en ramas como la acad\u00e9mico, art\u00edstico-cultural, profesional, social, deportiva, discapacidad e integraci\u00f3n, medio ambiente e innovaci\u00f3n tecnol\u00f3gica.<\/p>\n<p>En Sesi\u00f3n Solemne de Cabildo, y acompa\u00f1ado por Ana Cristina Prado Mart\u00ednez, Directora del Instituto de la Juventud Moreliana, el Presidente Municipal de Morelia Alfonso Mart\u00ednez Alc\u00e1zar entreg\u00f3 la valiosa condecoraci\u00f3n a los 13 elegidos por parte del jurado calificador, quien luego de revisar m\u00e1s de 100 expedientes decidi\u00f3 otorgar el reconocimiento a los siguientes j\u00f3venes:<\/p>\n<p>Mar Nadyeli Linares Escobar; \u00c1mbito acad\u00e9mico.<br \/>\nNadia Mar\u00eda Salgado Herrera; \u00c1mbito acad\u00e9mico.<br \/>\nAbel Garc\u00eda Ayala; \u00c1mbito art\u00edstico-cultural.<br \/>\nNancy Viridiana Herrej\u00f3n Pe\u00f1a; \u00c1mbito art\u00edstico-cultural.<br \/>\nAria Alejandra Molina Torres; \u00c1mbito profesional.<br \/>\nRa\u00fal Armando Ramos Castillo; \u00c1mbito social.<br \/>\nLucia Jaett Rodr\u00edguez Acosta; \u00c1mbito Deportivo.<br \/>\nAlfonso Maga\u00f1a Mondrag\u00f3n; \u00c1mbito deportivo.<br \/>\nBlanca Lilia Sandoval Gonz\u00e1lez; Discapacidad e Integraci\u00f3n.<br \/>\nJos\u00e9 Oscar Ch\u00e1vez Rubio; Discapacidad e Integraci\u00f3n.<br \/>\nVanessa Salazar Sol\u00eds; Medio Ambiente.<br \/>\nFernando Alan\u00eds Espinosa; Innovaci\u00f3n Tecnol\u00f3gica.<br \/>\nJuan Pablo Arriaga Villagr\u00e1n; Innovaci\u00f3n Tecnol\u00f3gica.<\/p>\n<p>Asimismo fueron reconocidos con menciones honorificas por su destacado desempe\u00f1o los j\u00f3venes Ernesto Gicopello Hortal, en el \u00e1mbito art\u00edstico-cultural; Brayam Edgar Villase\u00f1or Arias en el de Medio Ambiente y\u00a0 Carlos Humberto Huerta Garc\u00eda de Le\u00f3n por su desempe\u00f1o Profesional.<\/p>\n<p>El Alcalde, Alfonso Mart\u00ednez Alc\u00e1zar se mostr\u00f3 complacido por la gran participaci\u00f3n de los j\u00f3venes hacia la convocatoria para recibir este reconocimiento y los exhort\u00f3 a continuar por la l\u00ednea de la excelencia, el trabajo y la dedicaci\u00f3n que les redunde en una realizaci\u00f3n personal y profesional.<\/p>\n<p>\u201cAgradezco a todos los participantes, hubo una gran convocatoria y agradezco tambi\u00e9n al jurado integrado por distintas personas y quienes realizaron una gran labor al elegir de entre todos estos j\u00f3venes tan talentosos, a los cuales les extiendo toda mi felicitaci\u00f3n\u201d, dijo en su oportunidad, Alfonso Mart\u00ednez Alc\u00e1zar.<\/p>\n<p>Por su parte, la Directora del Instituto de la Juventud Moreliana, Ana Cristina Prado inform\u00f3 que fueron 113 los participantes para recibir esta condecoraci\u00f3n, cifra con la cual se triplic\u00f3 la participaci\u00f3n del a\u00f1o pasado, y agreg\u00f3 que a cada ganador adem\u00e1s de su reconocimiento, se le otorg\u00f3 la cantidad de 15 mil pesos.<\/p>\n<p>Se\u00f1al\u00f3 que la juventud moreliana se encuentra en una etapa de gran compromiso con su ciudad y su entorno, situaci\u00f3n que se hace evidente con la gran respuesta que ha obtenido su instituto hacia este tipo de convocatorias.<\/p>\n<p>Por ultimo puntualiz\u00f3 que para los siguientes a\u00f1os se pretende que el reconocimiento econ\u00f3mico hacia los ganadores de esta condecoraci\u00f3n sea mayor, en la b\u00fasqueda de motivaci\u00f3n y apoyo a los incontables j\u00f3venes destacados que habitan en Morelia.<\/p>\n","protected":false},"excerpt":{"rendered":"<p>Con la finalidad de reconocer el potencial, la perseverancia, creatividad y excelencia en diversas ramas por parte de los j\u00f3venes de la capital michoacana, el Ayuntamiento de Morelia,<\/p>\n","protected":false},"author":1,"featured_media":23772,"comment_status":"open","ping_status":"open","sticky":false,"template":"","format":"standard","meta":{"footnotes":""},"categories":[14,9],"tags":[],"class_list":["post-23771","post","type-post","status-publish","format-standard","has-post-thumbnail","hentry","category-destacadas","category-morelia"],"_links":{"self":[{"href":"https:\/\/radiowebmx.com\/nota\/wp-json\/wp\/v2\/posts\/23771","targetHints":{"allow":["GET"]}}],"collection":[{"href":"https:\/\/radiowebmx.com\/nota\/wp-json\/wp\/v2\/posts"}],"about":[{"href":"https:\/\/radiowebmx.com\/nota\/wp-json\/wp\/v2\/types\/post"}],"author":[{"embeddable":true,"href":"https:\/\/radiowebmx.com\/nota\/wp-json\/wp\/v2\/users\/1"}],"replies":[{"embeddable":true,"href":"https:\/\/radiowebmx.com\/nota\/wp-json\/wp\/v2\/comments?post=23771"}],"version-history":[{"count":1,"href":"https:\/\/radiowebmx.com\/nota\/wp-json\/wp\/v2\/posts\/23771\/revisions"}],"predecessor-version":[{"id":23773,"href":"https:\/\/radiowebmx.com\/nota\/wp-json\/wp\/v2\/posts\/23771\/revisions\/23773"}],"wp:featuredmedia":[{"embeddable":true,"href":"https:\/\/radiowebmx.com\/nota\/wp-json\/wp\/v2\/media\/23772"}],"wp:attachment":[{"href":"https:\/\/radiowebmx.com\/nota\/wp-json\/wp\/v2\/media?parent=23771"}],"wp:term":[{"taxonomy":"category","embeddable":true,"href":"https:\/\/radiowebmx.com\/nota\/wp-json\/wp\/v2\/categories?post=23771"},{"taxonomy":"post_tag","embeddable":true,"href":"https:\/\/radiowebmx.com\/nota\/wp-json\/wp\/v2\/tags?post=23771"}],"curies":[{"name":"wp","href":"https:\/\/api.w.org\/{rel}","templated":true}]}}