{"id":23768,"date":"2016-05-27T17:22:08","date_gmt":"2016-05-27T22:22:08","guid":{"rendered":"https:\/\/radiowebmx.com\/nota\/?p=23768"},"modified":"2016-05-27T17:22:08","modified_gmt":"2016-05-27T22:22:08","slug":"inicio-de-las-caravanas-de-servicios-integrales-en-nahuatzen","status":"publish","type":"post","link":"https:\/\/radiowebmx.com\/nota\/inicio-de-las-caravanas-de-servicios-integrales-en-nahuatzen\/","title":{"rendered":"Inicio de las Caravanas de Servicios Integrales en Nahuatzen"},"content":{"rendered":"<p><a href=\"https:\/\/radiowebmx.com\/nota\/wp-content\/uploads\/2016\/05\/41184ad6-f965-43f2-b771-a72be63c543d.jpg\"><img loading=\"lazy\" decoding=\"async\" class=\"alignleft size-full wp-image-23769\" src=\"https:\/\/radiowebmx.com\/nota\/wp-content\/uploads\/2016\/05\/41184ad6-f965-43f2-b771-a72be63c543d.jpg\" alt=\"41184ad6-f965-43f2-b771-a72be63c543d\" width=\"591\" height=\"324\" srcset=\"https:\/\/radiowebmx.com\/nota\/wp-content\/uploads\/2016\/05\/41184ad6-f965-43f2-b771-a72be63c543d.jpg 591w, https:\/\/radiowebmx.com\/nota\/wp-content\/uploads\/2016\/05\/41184ad6-f965-43f2-b771-a72be63c543d-300x164.jpg 300w\" sizes=\"auto, (max-width: 591px) 100vw, 591px\" \/><\/a> s\u00e9 que aqu\u00ed en Nahuatzen hay personas que tienen puntos de vista diferentes, que pueden con toda la legitimidad expresar c\u00f3mo lo est\u00e1n haciendo hoy, su sentimiento de inconformidad y que nosotros como Gobierno estamos obligados a escucharlos.<\/p>\n<p>A eso venimos, a escucharlos, tambi\u00e9n pedimos que nos escuchen, es muy f\u00e1cil para cuando se tiene una responsabilidad de gobierno, buscar los espacios m\u00e1s serenos, m\u00e1s c\u00f3modos, m\u00e1s agradables y desde ah\u00ed tomar muestra responsabilidad.<\/p>\n<p>Sab\u00edamos a qu\u00e9 ven\u00edamos a Nahuatzen, sabemos cu\u00e1les son las causas del ambiente que hoy nos recibe, pero somos conscientes de que debemos ser receptivos y tolerantes.<\/p>\n<p>Una situaci\u00f3n como la que se vive en Nahuatzen, no podemos permitir si queremos cumplir, que se siga dando como se est\u00e1 dando, en un ambiente de tensi\u00f3n permanente y de constante confrontaci\u00f3n entre vecinos de Nahuatzen.<\/p>\n<p>Para nosotros como Gobierno es de suma importancia hacer acto de presencia, que nos vean aqu\u00ed, no con el \u00e1nimo de que nos aplaudan, no queremos que nos aplaudan; este recibimiento que nos est\u00e1n dando, entiendo que refleja el sentimiento de la gente y como tal lo tenemos que entender y lo tenemos que asumir.<\/p>\n<p>Venimos aqu\u00ed a platicar con ustedes, pero tambi\u00e9n venimos a que nos escuchen, y no ser\u00e1 y espero que no sea la primera ni la \u00fanica vez.<\/p>\n<p>As\u00ed como compa\u00f1eras de ustedes y compa\u00f1eros han ido a buscar al Gobierno para ser escuchados y los hemos atendido, hemos intentado buscar soluciones, hemos construido salidas a los momentos dif\u00edciles.<\/p>\n<p>Hoy estamos aqu\u00ed porque queremos seguir viniendo, y seguir viniendo en la mejor intenci\u00f3n, estoy seguro que habr\u00e1 momentos todav\u00eda de aqu\u00ed en adelante donde tenemos que confrontar nuestras ideas, nuestros puntos de vista.<\/p>\n<p>Pero por encima de todo ello y lo m\u00e1s importante, es que busquemos soluciones y que el Gobierno no abandone su responsabilidad de atender a su gente.<\/p>\n","protected":false},"excerpt":{"rendered":"<p>Nosotros como ustedes tambi\u00e9n venimos a buscar soluci\u00f3n, queremos pedirles de la manera m\u00e1s atenta y cordial porque eso es parte de las cosas que platicamos con los vecinos, ciudadanos de aqu\u00ed de Nahuatzen con los que hemos estado platicando, queremos pedirles que nos escuchen,<\/p>\n","protected":false},"author":1,"featured_media":23769,"comment_status":"open","ping_status":"open","sticky":false,"template":"","format":"standard","meta":{"footnotes":""},"categories":[14,3],"tags":[],"class_list":["post-23768","post","type-post","status-publish","format-standard","has-post-thumbnail","hentry","category-destacadas","category-gobierno-del-estado-de-michoacan"],"_links":{"self":[{"href":"https:\/\/radiowebmx.com\/nota\/wp-json\/wp\/v2\/posts\/23768","targetHints":{"allow":["GET"]}}],"collection":[{"href":"https:\/\/radiowebmx.com\/nota\/wp-json\/wp\/v2\/posts"}],"about":[{"href":"https:\/\/radiowebmx.com\/nota\/wp-json\/wp\/v2\/types\/post"}],"author":[{"embeddable":true,"href":"https:\/\/radiowebmx.com\/nota\/wp-json\/wp\/v2\/users\/1"}],"replies":[{"embeddable":true,"href":"https:\/\/radiowebmx.com\/nota\/wp-json\/wp\/v2\/comments?post=23768"}],"version-history":[{"count":1,"href":"https:\/\/radiowebmx.com\/nota\/wp-json\/wp\/v2\/posts\/23768\/revisions"}],"predecessor-version":[{"id":23770,"href":"https:\/\/radiowebmx.com\/nota\/wp-json\/wp\/v2\/posts\/23768\/revisions\/23770"}],"wp:featuredmedia":[{"embeddable":true,"href":"https:\/\/radiowebmx.com\/nota\/wp-json\/wp\/v2\/media\/23769"}],"wp:attachment":[{"href":"https:\/\/radiowebmx.com\/nota\/wp-json\/wp\/v2\/media?parent=23768"}],"wp:term":[{"taxonomy":"category","embeddable":true,"href":"https:\/\/radiowebmx.com\/nota\/wp-json\/wp\/v2\/categories?post=23768"},{"taxonomy":"post_tag","embeddable":true,"href":"https:\/\/radiowebmx.com\/nota\/wp-json\/wp\/v2\/tags?post=23768"}],"curies":[{"name":"wp","href":"https:\/\/api.w.org\/{rel}","templated":true}]}}