{"id":23765,"date":"2016-05-27T17:06:12","date_gmt":"2016-05-27T22:06:12","guid":{"rendered":"https:\/\/radiowebmx.com\/nota\/?p=23765"},"modified":"2016-05-27T17:06:12","modified_gmt":"2016-05-27T22:06:12","slug":"capacita-cedemun-a-ayuntamientos-en-materia-de-atencion-a-victimas","status":"publish","type":"post","link":"https:\/\/radiowebmx.com\/nota\/capacita-cedemun-a-ayuntamientos-en-materia-de-atencion-a-victimas\/","title":{"rendered":"Capacita Cedemun a ayuntamientos en materia de atenci\u00f3n a v\u00edctimas"},"content":{"rendered":"<p>Con el objetivo de dar a conocer a los ayuntamientos de Michoac\u00e1n las obligaciones constitucionales sobre la atenci\u00f3n a v\u00edctimas de delito o violaci\u00f3n a los Derechos Humanos, el Centro Estatal para el Desarrollo Municipal (Cedemun), a trav\u00e9s de la Direcci\u00f3n de Capacitaci\u00f3n y en coordinaci\u00f3n con la Comisi\u00f3n Ejecutiva Estatal de Atenci\u00f3n a V\u00edctimas (CEEAV), brind\u00f3 un curso-taller a funcionarios de 69 municipios de la entidad.<\/p>\n<p>El evento fue encabezado por el vocal ejecutivo del Cedemun, Carlos Paredes Correa; la presidenta comisionada de la CEEAV, Selene V\u00e1zquez Alatorre; el director de Capacitaci\u00f3n, Alejandro Bucio G\u00f3mez; y la presidenta del Comit\u00e9 de S\u00edndicos Municipales, Martha Lucrecia Arroyo. Asistieron 114 funcionarios municipales, incluidos alcaldes, quienes se mostraron muy interesados en el tema.<\/p>\n<p>Durante la inauguraci\u00f3n del evento,\u00a0Paredes Correa\u00a0se\u00f1al\u00f3 que desde 2014 el Congreso del Estado aprob\u00f3 la Ley Estatal de V\u00edctimas, que obliga a las autoridades a respetar y garantizar los derechos de los afectados, el acceso a la justicia y la reparaci\u00f3n al da\u00f1o.<\/p>\n<p>Adem\u00e1s, subray\u00f3 que el Cedemun se ha convertido, por instrucciones del Gobernador Silvano Aureoles Conejo, en la primera puerta de atenci\u00f3n a los presidentes y funcionarios municipales para otorgarles las herramientas que fortalezcan sus funciones como servidores p\u00fablicos.<\/p>\n<p>Agradeci\u00f3 la presencia de los funcionarios asistentes por la sensibilidad que mostraron al tomar estos cursos en materia de los Derechos Humanos, para poder cumplir con lo estipulado en la ley y atender a las personas que sufren de alguna violencia f\u00edsica, psicol\u00f3gica o emocional.<\/p>\n<p>En ese sentido, solicit\u00f3 a los servidores p\u00fablicos\u00a0trabajar\u00a0en conjunto con las dependencias involucradas en el tema y as\u00ed brindar ayuda a las v\u00edctimas, no s\u00f3lo psicol\u00f3gica sino tambi\u00e9n legal.<\/p>\n<p>Por su parte, V\u00e1zquez Alatorre reconoci\u00f3 el gran trabajo que ha realizado el Gobernador del Estado, a trav\u00e9s del Cedemun, para mejorar la eficacia de los servidores p\u00fablicos y atender de manera puntual a las y los michoacanos.<\/p>\n<p>Invit\u00f3 a los funcionarios a continuar capacit\u00e1ndose para que los ayuntamientos cumplan con la ley y proporcionen ayuda inmediata, asistencia, atenci\u00f3n y reparaci\u00f3n integral del da\u00f1o a quienes lo necesiten.<\/p>\n","protected":false},"excerpt":{"rendered":"<p>Con el objetivo de dar a conocer a los ayuntamientos de Michoac\u00e1n las obligaciones constitucionales sobre la atenci\u00f3n a v\u00edctimas de delito o violaci\u00f3n a los Derechos Humanos, el Centro Estatal para el Desarrollo Municipal (Cedemun), a trav\u00e9s de la Direcci\u00f3n de Capacitaci\u00f3n y en coordinaci\u00f3n con la Comisi\u00f3n Ejecutiva Estatal de Atenci\u00f3n a V\u00edctimas [&hellip;]<\/p>\n","protected":false},"author":1,"featured_media":23766,"comment_status":"open","ping_status":"open","sticky":false,"template":"","format":"standard","meta":{"footnotes":""},"categories":[14,3],"tags":[],"class_list":["post-23765","post","type-post","status-publish","format-standard","has-post-thumbnail","hentry","category-destacadas","category-gobierno-del-estado-de-michoacan"],"_links":{"self":[{"href":"https:\/\/radiowebmx.com\/nota\/wp-json\/wp\/v2\/posts\/23765","targetHints":{"allow":["GET"]}}],"collection":[{"href":"https:\/\/radiowebmx.com\/nota\/wp-json\/wp\/v2\/posts"}],"about":[{"href":"https:\/\/radiowebmx.com\/nota\/wp-json\/wp\/v2\/types\/post"}],"author":[{"embeddable":true,"href":"https:\/\/radiowebmx.com\/nota\/wp-json\/wp\/v2\/users\/1"}],"replies":[{"embeddable":true,"href":"https:\/\/radiowebmx.com\/nota\/wp-json\/wp\/v2\/comments?post=23765"}],"version-history":[{"count":1,"href":"https:\/\/radiowebmx.com\/nota\/wp-json\/wp\/v2\/posts\/23765\/revisions"}],"predecessor-version":[{"id":23767,"href":"https:\/\/radiowebmx.com\/nota\/wp-json\/wp\/v2\/posts\/23765\/revisions\/23767"}],"wp:featuredmedia":[{"embeddable":true,"href":"https:\/\/radiowebmx.com\/nota\/wp-json\/wp\/v2\/media\/23766"}],"wp:attachment":[{"href":"https:\/\/radiowebmx.com\/nota\/wp-json\/wp\/v2\/media?parent=23765"}],"wp:term":[{"taxonomy":"category","embeddable":true,"href":"https:\/\/radiowebmx.com\/nota\/wp-json\/wp\/v2\/categories?post=23765"},{"taxonomy":"post_tag","embeddable":true,"href":"https:\/\/radiowebmx.com\/nota\/wp-json\/wp\/v2\/tags?post=23765"}],"curies":[{"name":"wp","href":"https:\/\/api.w.org\/{rel}","templated":true}]}}