{"id":23759,"date":"2016-05-27T15:19:02","date_gmt":"2016-05-27T20:19:02","guid":{"rendered":"https:\/\/radiowebmx.com\/nota\/?p=23759"},"modified":"2016-05-27T15:19:02","modified_gmt":"2016-05-27T20:19:02","slug":"pugnara-nueva-alianza-por-una-ciudad-prospera-y-sostenible-en-la-constitucion-cdmx","status":"publish","type":"post","link":"https:\/\/radiowebmx.com\/nota\/pugnara-nueva-alianza-por-una-ciudad-prospera-y-sostenible-en-la-constitucion-cdmx\/","title":{"rendered":"PUGNAR\u00c1 NUEVA ALIANZA POR UNA CIUDAD PR\u00d3SPERA Y SOSTENIBLE  EN LA CONSTITUCI\u00d3N CdMx"},"content":{"rendered":"<p class=\"x_yiv3626889643msonormal\"><a href=\"https:\/\/radiowebmx.com\/nota\/wp-content\/uploads\/2016\/05\/image3153871.jpg\"><img loading=\"lazy\" decoding=\"async\" class=\"alignleft size-full wp-image-23760\" src=\"https:\/\/radiowebmx.com\/nota\/wp-content\/uploads\/2016\/05\/image3153871.jpg\" alt=\"image3153871\" width=\"591\" height=\"281\" srcset=\"https:\/\/radiowebmx.com\/nota\/wp-content\/uploads\/2016\/05\/image3153871.jpg 591w, https:\/\/radiowebmx.com\/nota\/wp-content\/uploads\/2016\/05\/image3153871-300x143.jpg 300w\" sizes=\"auto, (max-width: 591px) 100vw, 591px\" \/><\/a>Votar por Nueva Alianza es votar por una ciudad de posperidad, sostenible y competitiva, que asegure una buena calidad de vida a sus habitantes para el siglo XXI; es rescatar al espacio p\u00fablico de mafias adosadas al poder, que han privatizado las plazas y calles; implica reconfigurar el transporte p\u00fablico en la ciudad para hacerlo formal, legal, eficiente y transparente; es asegurarnos un fututo brillante, un futuro para todos, con una ciudad que pueda competir e insertarse productivamente en la econom\u00eda global para el siglo XXI.<\/p>\n<p class=\"x_yiv3626889643msonormal\">As\u00ed se expres\u00f3 el ingeniero Gabriel Quadri de la Torre, quien encabeza la lista de 60 f\u00f3rmulas registradas por Nueva Alianza para integrar la Asamblea Constituyente de la Ciudad de M\u00e9xico, durante el di\u00e1logo organizado por la Facultad de Ciencias Pol\u00edticas y Sociales (FCPyS) de la UNAM y el Instituto Electoral del Distrito Federal (IEDF), denominado \u201cPrincipales propuestas rumbo al Constituyente\u201d.<\/p>\n<p class=\"x_yiv3626889643msonormal\">De acuerdo con el formato establecido, los representantes partidistas y el independiente que acudieron al llamado de dichas instituciones, abordaron diversos temas en un esquema de participaci\u00f3n sorteada, con l\u00edmite de tiempo para su exposici\u00f3n.<\/p>\n<p class=\"x_yiv3626889643msonormal\">Quadri de la Torre se\u00f1al\u00f3 que es fundamental un gobierno central fuerte, que le d\u00e9 coherencia metropolitana a la Ciudad de M\u00e9xcio, y evitar la blacanizaci\u00f3n de la ciudad en empresas que pueden ser presa f\u00e1cil de la corrupci\u00f3n y del clientelismo; las alcald\u00edas deben mantener facultades de intendencia y algunas allegarse de recursos propios a trav\u00e9s de servicios complementarios para la ciudadan\u00eda, agreg\u00f3.<\/p>\n<p class=\"x_yiv3626889643msonormal\">\u201cEl gobierno capitalino debe mantener las facultades esenciales de gobernanza metropolitana en materia de desarrollo urbano, de transporte, de infraestructura y de seguridad\u201d, subray\u00f3.<\/p>\n<p class=\"x_yiv3626889643msonormal\">En el tema de la regulaci\u00f3n del uso de suelo, el aspirante turquesa dijo que se requiere una visi\u00f3n de largo plazo para la Ciudad de M\u00e9xico, que logre una cap\u00edtal sostenible. Para ello se requiere de reconocer que esta ciudad exige adaptarse a los nuevos desaf\u00edos econ\u00f3micos, ambientales y demogr\u00e1ficos de la metr\u00f3polis. La CdMx requiere un programa de sustentabilidad h\u00eddrica, terriotrial, de sistema de calidad del aire, de energ\u00eda y de cambio clim\u00e1tico, propuso.<\/p>\n<p class=\"x_yiv3626889643msonormal\">Consider\u00f3 que es fundamental que el Programa General de Desarrollo Urbano se revise peri\u00f3dicamente cada cinco o 10 a\u00f1os; y que se acabe con la dispersi\u00f3n de facultades, la cual solo genera corrupci\u00f3n entre las distintas dependencias de gobierno.<\/p>\n<p class=\"x_yiv3626889643msonormal\">Al respecto, coment\u00f3 que es necesario que exista equilibrio entre los intereses colectivo y los intereses vecinales. \u201cLa suma de los intereses locales no equivale a los intereses colectivos en la Ciudad\u201d, alert\u00f3.<\/p>\n<p class=\"x_yiv3626889643msonormal\">Quien fuera candidato presidencial de Nueva Alianza en 2012, extern\u00f3 que la Ciudad requiere de un proyecto econ\u00f3mico de prosperidad, pues sin \u00e9sta no se puede combatir la pobreza. Dijo que para ello se debe tener claro cu\u00e1l es la v\u00eda de desarrollo econ\u00f3mico de la ciudad: \u201cel turismo, las tecnolog\u00edas de la informaci\u00f3n, los servicios financieros, la educaci\u00f3n y la salud deben ser los ejes de desarrollo de nuestra ciudad\u201d.<\/p>\n<p class=\"x_yiv3626889643msonormal\">El tambi\u00e9n ambientalista se\u00f1al\u00f3 que la Constituci\u00f3n de la Ciudad de M\u00e9xico debe establecer reglas de equilibrio fiscal para la ciudad, y destac\u00f3 que es esencial un sistema anticorrupci\u00f3n con participaci\u00f3n ciudadana. \u201cLa ciudad vive un sistema de problemas que est\u00e1n unidos por un vaso comunicante: corrupci\u00f3n, la incapacidad t\u00e9cnica, el clientalismo, el corporativismo, la improvisaci\u00f3n y la demagogia\u201d.<\/p>\n<p class=\"x_yiv3626889643msonormal\">Al hablar sobre las caracter\u00edsticas con que cuenta como aspirante a formar parte de la Asamblea Constituyente, el ingeniero Gabriel Quadri destac\u00f3 su preparaci\u00f3n profesional como ingeniero y economista, as\u00ed como su experiencia en la administraci\u00f3n p\u00fablica.<\/p>\n<p class=\"x_yiv3626889643msonormal\">Sobre todo resalt\u00f3: \u201cAmo profundamente a mi ciudad, donde he vivido toda mi vida. Tengo la capacidad y el compromiso para servir a los capitalinos y rescatar a la Ciudad de las garras del populismo y de la demagogia que la han destruido los \u00faltimos 20 a\u00f1os. Estoy dispuesto a cambiar esta ciudad en un sentido de progreso, de prosperidad y de sustentabilidad\u201d.<\/p>\n<p class=\"x_yiv3626889643msonormal\">El di\u00e1logo estuvo moderado por Pablo C\u00e9sar Lezama Barreda, consejero del IEDF, con la participaci\u00f3n de los candidatos: Santiago Creel Miranda (Partido Acci\u00f3n Nacional); Irma Cu\u00e9 Sarquis (Partido Revolucionario Institucional); Katia D\u00b4Artigues Beauregard (Partido de la Revoluci\u00f3n Democr\u00e1tica); Adolfo Orive Bellinger (Partido del Trabajo); Luis Alejandro Bustos Olivares (Partido Verde Ecologista de M\u00e9xico); Esthela Dami\u00e1n Peralta (Movimiento Ciudadano); Irma Erendira Sandoval Ballesteros (Morena); Jos\u00e9 Andr\u00e9s Mill\u00e1n Arroyo (Partido Encuentro Social); Ismael Figueroa Flores (independiente).<\/p>\n<p class=\"x_yiv3626889643msonormal\">Al t\u00e9rmino de este evento, el candidato Quadri entreg\u00f3 a la representaci\u00f3n de Nueva Alianza en el IEDF, la documentaci\u00f3n que acredita la presentaci\u00f3n de su declaraci\u00f3n \u201c3 de 3\u201d ante las autoridades competentes. Estuvo acompa\u00f1ado por la presidenta de Nueva Alianza en la Ciudad de M\u00e9xico, Dora Mar\u00eda Talamante Lemas; el secretario general Juan Espinosa Anguiano, as\u00ed como diversos funcionarios partidistas.<\/p>\n","protected":false},"excerpt":{"rendered":"<p>Votar por Nueva Alianza es votar por una ciudad de posperidad, sostenible y competitiva, que asegure una buena calidad de vida a sus habitantes para el siglo XXI; es rescatar al espacio p\u00fablico de mafias adosadas al poder, que han privatizado las plazas y calles<\/p>\n","protected":false},"author":1,"featured_media":23760,"comment_status":"open","ping_status":"open","sticky":false,"template":"","format":"standard","meta":{"footnotes":""},"categories":[14,20,11],"tags":[],"class_list":["post-23759","post","type-post","status-publish","format-standard","has-post-thumbnail","hentry","category-destacadas","category-nueva-alianza","category-partidos-politicos"],"_links":{"self":[{"href":"https:\/\/radiowebmx.com\/nota\/wp-json\/wp\/v2\/posts\/23759","targetHints":{"allow":["GET"]}}],"collection":[{"href":"https:\/\/radiowebmx.com\/nota\/wp-json\/wp\/v2\/posts"}],"about":[{"href":"https:\/\/radiowebmx.com\/nota\/wp-json\/wp\/v2\/types\/post"}],"author":[{"embeddable":true,"href":"https:\/\/radiowebmx.com\/nota\/wp-json\/wp\/v2\/users\/1"}],"replies":[{"embeddable":true,"href":"https:\/\/radiowebmx.com\/nota\/wp-json\/wp\/v2\/comments?post=23759"}],"version-history":[{"count":1,"href":"https:\/\/radiowebmx.com\/nota\/wp-json\/wp\/v2\/posts\/23759\/revisions"}],"predecessor-version":[{"id":23761,"href":"https:\/\/radiowebmx.com\/nota\/wp-json\/wp\/v2\/posts\/23759\/revisions\/23761"}],"wp:featuredmedia":[{"embeddable":true,"href":"https:\/\/radiowebmx.com\/nota\/wp-json\/wp\/v2\/media\/23760"}],"wp:attachment":[{"href":"https:\/\/radiowebmx.com\/nota\/wp-json\/wp\/v2\/media?parent=23759"}],"wp:term":[{"taxonomy":"category","embeddable":true,"href":"https:\/\/radiowebmx.com\/nota\/wp-json\/wp\/v2\/categories?post=23759"},{"taxonomy":"post_tag","embeddable":true,"href":"https:\/\/radiowebmx.com\/nota\/wp-json\/wp\/v2\/tags?post=23759"}],"curies":[{"name":"wp","href":"https:\/\/api.w.org\/{rel}","templated":true}]}}