{"id":23750,"date":"2016-05-26T13:17:35","date_gmt":"2016-05-26T18:17:35","guid":{"rendered":"https:\/\/radiowebmx.com\/nota\/?p=23750"},"modified":"2016-05-26T13:17:35","modified_gmt":"2016-05-26T18:17:35","slug":"falta-de-planeacion-causa-de-las-crisis-en-mexico-eloisa-berber","status":"publish","type":"post","link":"https:\/\/radiowebmx.com\/nota\/falta-de-planeacion-causa-de-las-crisis-en-mexico-eloisa-berber\/","title":{"rendered":"Falta de planeaci\u00f3n, causa de las crisis en M\u00e9xico: Elo\u00edsa Berber"},"content":{"rendered":"<p class=\"x_MsoNormal\"><a href=\"https:\/\/radiowebmx.com\/nota\/wp-content\/uploads\/2016\/05\/DSC_3316.jpg\"><img loading=\"lazy\" decoding=\"async\" class=\"alignleft size-full wp-image-23751\" src=\"https:\/\/radiowebmx.com\/nota\/wp-content\/uploads\/2016\/05\/DSC_3316.jpg\" alt=\"DSC_3316\" width=\"591\" height=\"321\" srcset=\"https:\/\/radiowebmx.com\/nota\/wp-content\/uploads\/2016\/05\/DSC_3316.jpg 591w, https:\/\/radiowebmx.com\/nota\/wp-content\/uploads\/2016\/05\/DSC_3316-300x163.jpg 300w\" sizes=\"auto, (max-width: 591px) 100vw, 591px\" \/><\/a>La manera en que ahora funcionan los gobiernos locales en M\u00e9xico, puede identificarse como una de las causas de las crisis en nuestro pa\u00eds, debido a que las acciones gubernamentales no pueden satisfacer las necesidades b\u00e1sicas de la mayor\u00eda de la poblaci\u00f3n generando desigualdad y creando inconformidades que al paso del tiempo se van incrementando, afirm\u00f3 la diputada Elo\u00edsa Berber Zerme\u00f1o<b>, <\/b>al presentar Iniciativa con proyecto de Decreto que adiciona el T\u00edtulo D\u00e9cimo Segundo con los\u00a0 art\u00edculos 176, 177, 178, 179, 180, 181 y 182, de la Ley Org\u00e1nica Municipal del Estado de Michoac\u00e1n de Ocampo, para la creaci\u00f3n del Instituto Municipal de Planeaci\u00f3n.<\/p>\n<p class=\"x_MsoNormal\">\n<p class=\"x_MsoNormal\">La legisladora del Grupo Parlamentario del PRI, asegur\u00f3 que al no estar claros o expl\u00edcitos los objetivos estrat\u00e9gicos, la asignaci\u00f3n de los recursos se determina de manera caprichosa y sin orden, destin\u00e1ndose \u00e9stos hacia m\u00faltiples direcciones, que no siempre est\u00e1n en sinton\u00eda con las prioridades o necesidades b\u00e1sicas.<\/p>\n<p class=\"x_MsoNormal\">\n<p class=\"x_MsoNormal\">Agreg\u00f3 que a planeaci\u00f3n constituye uno de los principales instrumentos que deber\u00e1n utilizar los ayuntamientos, para establecer metas espec\u00edficas, prioridades y estrategias, con el fin de dirigir el desarrollo de sus comunidades y lograr un mejor aprovechamiento de sus recursos disponibles.<\/p>\n<p class=\"x_MsoNormal\">\n<p class=\"x_MsoNormal\">Ante el reto \u2013dijo- de generar mejores condiciones de vida, gobiernos con calidad y una mayor participaci\u00f3n social que responda a la din\u00e1mica de lograr resultados y soluciones integrales, se propone la creaci\u00f3n de los Institutos Municipales de Planeaci\u00f3n, con el prop\u00f3sito de dar seguimiento al Plan Municipal de Desarrollo e integrar la participaci\u00f3n de la ciudadan\u00eda en la planeaci\u00f3n logrando un desarrollo sustentable a mediano y largo plazo.<\/p>\n<p class=\"x_MsoNormal\">\n<p class=\"x_MsoNormal\">La diputada por L\u00e1zaro C\u00e1rdenas, asegur\u00f3 que gracias a esta herramienta institucional de planeaci\u00f3n, los Ayuntamientos podr\u00e1n aplicar con mayor eficacia los recursos financieros que los gobiernos federales y estatales transfieren para el desarrollo de proyectos productivos y de beneficio social, esto a partir de la identificaci\u00f3n, desde la \u00f3ptica de la ciudadan\u00eda, de los problemas y necesidades de la comunidad y su territorio, as\u00ed como de los recursos potenciales para promover o desarrollar nuevas pol\u00edticas p\u00fablicas, puesto que nadie mejor que \u00e9sta conoce la situaci\u00f3n, necesidades y condiciones de su municipio.<\/p>\n","protected":false},"excerpt":{"rendered":"<p>La manera en que ahora funcionan los gobiernos locales en M\u00e9xico, puede identificarse como una de las causas de las crisis en nuestro pa\u00eds, <\/p>\n","protected":false},"author":1,"featured_media":23751,"comment_status":"open","ping_status":"open","sticky":false,"template":"","format":"standard","meta":{"footnotes":""},"categories":[6,14,7],"tags":[],"class_list":["post-23750","post","type-post","status-publish","format-standard","has-post-thumbnail","hentry","category-congreso-del-estado","category-destacadas","category-grupo-parlamentario-del-pri"],"_links":{"self":[{"href":"https:\/\/radiowebmx.com\/nota\/wp-json\/wp\/v2\/posts\/23750","targetHints":{"allow":["GET"]}}],"collection":[{"href":"https:\/\/radiowebmx.com\/nota\/wp-json\/wp\/v2\/posts"}],"about":[{"href":"https:\/\/radiowebmx.com\/nota\/wp-json\/wp\/v2\/types\/post"}],"author":[{"embeddable":true,"href":"https:\/\/radiowebmx.com\/nota\/wp-json\/wp\/v2\/users\/1"}],"replies":[{"embeddable":true,"href":"https:\/\/radiowebmx.com\/nota\/wp-json\/wp\/v2\/comments?post=23750"}],"version-history":[{"count":1,"href":"https:\/\/radiowebmx.com\/nota\/wp-json\/wp\/v2\/posts\/23750\/revisions"}],"predecessor-version":[{"id":23752,"href":"https:\/\/radiowebmx.com\/nota\/wp-json\/wp\/v2\/posts\/23750\/revisions\/23752"}],"wp:featuredmedia":[{"embeddable":true,"href":"https:\/\/radiowebmx.com\/nota\/wp-json\/wp\/v2\/media\/23751"}],"wp:attachment":[{"href":"https:\/\/radiowebmx.com\/nota\/wp-json\/wp\/v2\/media?parent=23750"}],"wp:term":[{"taxonomy":"category","embeddable":true,"href":"https:\/\/radiowebmx.com\/nota\/wp-json\/wp\/v2\/categories?post=23750"},{"taxonomy":"post_tag","embeddable":true,"href":"https:\/\/radiowebmx.com\/nota\/wp-json\/wp\/v2\/tags?post=23750"}],"curies":[{"name":"wp","href":"https:\/\/api.w.org\/{rel}","templated":true}]}}