{"id":23737,"date":"2016-05-26T12:25:06","date_gmt":"2016-05-26T17:25:06","guid":{"rendered":"https:\/\/radiowebmx.com\/nota\/?p=23737"},"modified":"2016-05-26T12:25:06","modified_gmt":"2016-05-26T17:25:06","slug":"ivem-da-certeza-juridica-al-patrimonio-de-375-familias-en-lazaro-cardenas","status":"publish","type":"post","link":"https:\/\/radiowebmx.com\/nota\/ivem-da-certeza-juridica-al-patrimonio-de-375-familias-en-lazaro-cardenas\/","title":{"rendered":"IVEM da certeza jur\u00eddica al patrimonio de 375 familias en L\u00e1zaro C\u00e1rdenas"},"content":{"rendered":"<p><a href=\"https:\/\/radiowebmx.com\/nota\/wp-content\/uploads\/2016\/05\/19a85fce-0e4e-4221-a11e-05d74334d6cc.jpg\"><img loading=\"lazy\" decoding=\"async\" class=\"alignleft size-full wp-image-23738\" src=\"https:\/\/radiowebmx.com\/nota\/wp-content\/uploads\/2016\/05\/19a85fce-0e4e-4221-a11e-05d74334d6cc.jpg\" alt=\"19a85fce-0e4e-4221-a11e-05d74334d6cc\" width=\"591\" height=\"282\" srcset=\"https:\/\/radiowebmx.com\/nota\/wp-content\/uploads\/2016\/05\/19a85fce-0e4e-4221-a11e-05d74334d6cc.jpg 591w, https:\/\/radiowebmx.com\/nota\/wp-content\/uploads\/2016\/05\/19a85fce-0e4e-4221-a11e-05d74334d6cc-300x143.jpg 300w\" sizes=\"auto, (max-width: 591px) 100vw, 591px\" \/><\/a>Integrantes del Comit\u00e9 Directivo del fraccionamiento Rivera del R\u00edo El Almac\u00e9n, en L\u00e1zaro C\u00e1rdenas, entregaron los primeros cien expedientes de los habitantes del asentamiento, con el objetivo de regularizar la situaci\u00f3n patrimonial de 375 familias.<\/p>\n<p>En reuni\u00f3n con la directora general del Instituto de Vivienda del Estado de Michoac\u00e1n (IVEM), Mar\u00eda Yesm\u00edn S\u00e1nchez Huerta, y el legislador federal Salom\u00f3n Fernando Rosales Reyes, los integrantes del Comit\u00e9 presidido por Mar\u00eda Apolinar S\u00e1nchez, conocieron de las acciones del Gobierno del Estado para trabajar en el abatimiento del rezago en escrituraci\u00f3n.<\/p>\n<p>Agradecieron la pol\u00edtica del Gobernador Silvano Aureoles Conejo para apoyarlos, pues luego de 16 a\u00f1os lograron regularizar su situaci\u00f3n patrimonial.<\/p>\n<p>En este marco, la titular del IVEM explic\u00f3 que con el apoyo del Gobierno del Estado, a trav\u00e9s de la Secretar\u00eda de Desarrollo Agrario, Territorial y Urbano, se llevar\u00e1 a cabo la escrituraci\u00f3n social, es decir, escrituraci\u00f3n gratuita para quienes regularicen su predio.<\/p>\n<p>S\u00e1nchez Huerta resalt\u00f3 que el IVEM hace honor a su eslogan de \u201c\u00a1Construyendo hogares!\u201d, pues un terreno o una casa no significan mucho si no hay seguridad jur\u00eddica para las familias.<\/p>\n<p>En la minuta de trabajo entre el IVEM y el Comit\u00e9 Directivo del fraccionamiento se especifica una pr\u00f3rroga de 22 d\u00edas para que los dem\u00e1s beneficiarios puedan presentar sus documentos y acceder a la escrituraci\u00f3n social gratuita.<\/p>\n","protected":false},"excerpt":{"rendered":"<p>Integrantes del Comit\u00e9 Directivo del fraccionamiento Rivera del R\u00edo El Almac\u00e9n, en L\u00e1zaro C\u00e1rdenas, entregaron los primeros cien expedientes de los habitantes del asentamiento, con el objetivo de regularizar la situaci\u00f3n patrimonial de 375 familias.<\/p>\n","protected":false},"author":1,"featured_media":23738,"comment_status":"open","ping_status":"open","sticky":false,"template":"","format":"standard","meta":{"footnotes":""},"categories":[14,3],"tags":[],"class_list":["post-23737","post","type-post","status-publish","format-standard","has-post-thumbnail","hentry","category-destacadas","category-gobierno-del-estado-de-michoacan"],"_links":{"self":[{"href":"https:\/\/radiowebmx.com\/nota\/wp-json\/wp\/v2\/posts\/23737","targetHints":{"allow":["GET"]}}],"collection":[{"href":"https:\/\/radiowebmx.com\/nota\/wp-json\/wp\/v2\/posts"}],"about":[{"href":"https:\/\/radiowebmx.com\/nota\/wp-json\/wp\/v2\/types\/post"}],"author":[{"embeddable":true,"href":"https:\/\/radiowebmx.com\/nota\/wp-json\/wp\/v2\/users\/1"}],"replies":[{"embeddable":true,"href":"https:\/\/radiowebmx.com\/nota\/wp-json\/wp\/v2\/comments?post=23737"}],"version-history":[{"count":1,"href":"https:\/\/radiowebmx.com\/nota\/wp-json\/wp\/v2\/posts\/23737\/revisions"}],"predecessor-version":[{"id":23739,"href":"https:\/\/radiowebmx.com\/nota\/wp-json\/wp\/v2\/posts\/23737\/revisions\/23739"}],"wp:featuredmedia":[{"embeddable":true,"href":"https:\/\/radiowebmx.com\/nota\/wp-json\/wp\/v2\/media\/23738"}],"wp:attachment":[{"href":"https:\/\/radiowebmx.com\/nota\/wp-json\/wp\/v2\/media?parent=23737"}],"wp:term":[{"taxonomy":"category","embeddable":true,"href":"https:\/\/radiowebmx.com\/nota\/wp-json\/wp\/v2\/categories?post=23737"},{"taxonomy":"post_tag","embeddable":true,"href":"https:\/\/radiowebmx.com\/nota\/wp-json\/wp\/v2\/tags?post=23737"}],"curies":[{"name":"wp","href":"https:\/\/api.w.org\/{rel}","templated":true}]}}