{"id":23734,"date":"2016-05-26T12:23:22","date_gmt":"2016-05-26T17:23:22","guid":{"rendered":"https:\/\/radiowebmx.com\/nota\/?p=23734"},"modified":"2016-05-26T12:23:22","modified_gmt":"2016-05-26T17:23:22","slug":"inician-la-jornada-academica-y-el-concurso-estatal-de-creatividad-tecnologica-del-cecytem","status":"publish","type":"post","link":"https:\/\/radiowebmx.com\/nota\/inician-la-jornada-academica-y-el-concurso-estatal-de-creatividad-tecnologica-del-cecytem\/","title":{"rendered":"Inician la Jornada Acad\u00e9mica y el Concurso Estatal de Creatividad Tecnol\u00f3gica del CECyTEM"},"content":{"rendered":"<p><a href=\"https:\/\/radiowebmx.com\/nota\/wp-content\/uploads\/2016\/05\/2ce83ac6-478b-4a01-96d7-49fecbe0191f.jpg\"><img loading=\"lazy\" decoding=\"async\" class=\"alignleft size-full wp-image-23735\" src=\"https:\/\/radiowebmx.com\/nota\/wp-content\/uploads\/2016\/05\/2ce83ac6-478b-4a01-96d7-49fecbe0191f.jpg\" alt=\"2ce83ac6-478b-4a01-96d7-49fecbe0191f\" width=\"591\" height=\"308\" srcset=\"https:\/\/radiowebmx.com\/nota\/wp-content\/uploads\/2016\/05\/2ce83ac6-478b-4a01-96d7-49fecbe0191f.jpg 591w, https:\/\/radiowebmx.com\/nota\/wp-content\/uploads\/2016\/05\/2ce83ac6-478b-4a01-96d7-49fecbe0191f-300x156.jpg 300w\" sizes=\"auto, (max-width: 591px) 100vw, 591px\" \/><\/a>Con la participaci\u00f3n de 268 alumnos y 69 asesores, fue inaugurada la Jornada Acad\u00e9mica XXIII y el XXII Concurso Estatal de Creatividad Tecnol\u00f3gica del Colegio de Estudios Cient\u00edficos y Tecnol\u00f3gicos del Estado de Michoac\u00e1n (CECyTEM), a celebrarse los d\u00edas 25, 26 y 27 de mayo en este municipio.<\/p>\n<p>&nbsp;<\/p>\n<p>Durante el acto de inauguraci\u00f3n y ante padres de familia, alumnos y directores de los planteles participantes, la directora general del CECyTEM, Mar\u00eda del Carmen Escobedo P\u00e9rez, destac\u00f3 que el objetivo de estos encuentros es estimular el esfuerzo que las y los alumnos de los planteles han realizado para la invenci\u00f3n, realizaci\u00f3n y adecuaci\u00f3n de prototipos, proyectos, investigaciones o desarrollos tecnol\u00f3gicos, as\u00ed como la participaci\u00f3n de los j\u00f3venes en la Jornada Acad\u00e9mica, en la que competir\u00e1n en pruebas de conocimiento en asignaturas de Sistema Escolarizado y CEMSAD (Centros de Educaci\u00f3n Media Superior a Distancia).<\/p>\n<p>&nbsp;<\/p>\n<p>En el acto protocolario, Escobedo P\u00e9rez mencion\u00f3 que \u201ceducar en la creatividad es educar para el cambio y formar a j\u00f3venes ricos en originalidad, flexibilidad, visi\u00f3n futura, iniciativa, confianza, amantes de los riesgos y listos para afrontar los obst\u00e1culos y problemas que se les van presentado en su vida escolar y cotidiana\u201d.<\/p>\n<p>&nbsp;<\/p>\n<p>Asimismo, subray\u00f3 que apostarle a la educaci\u00f3n es de suma importancia para el Gobernador de Michoac\u00e1n, Silvano Aureoles Conejo, quien ha gestionado los recursos econ\u00f3micos necesarios para mejorar la infraestructura y equipamiento de los planteles del subsistema.<\/p>\n<p>&nbsp;<\/p>\n<p>Por \u00faltimo, enfatiz\u00f3 que el prop\u00f3sito fundamental de las academias como \u00f3rganos colegiados de decisi\u00f3n \u201ces elevar la calidad del proceso de ense\u00f1anza aprendizaje, lo que nos permitir\u00e1 incidir en los \u00edndices de reprobaci\u00f3n, reducir la deserci\u00f3n escolar e incrementar los promedios generales de aprovechamiento por asignatura y por grupo dentro del CECyTEM, lo que seguramente generar\u00e1 una mayor y mejor eficiencia terminal de nuestros alumnos\u201d.<\/p>\n<p>&nbsp;<\/p>\n<p>Por su parte, el alcalde de Huandacareo, Humberto Gonz\u00e1lez Villag\u00f3mez, agradeci\u00f3 el apoyo brindado por el CECyTEM para la construcci\u00f3n de dos aulas y cancha de usos m\u00faltiples, mismas que ser\u00e1n inauguradas en pr\u00f3ximas fechas en el plantel ubicado en la cabecera municipal.<\/p>\n<p>\u201cComo presidente municipal mi principal tarea es atender las necesidades de los j\u00f3venes; por ello comprometimos parte de nuestro presupuesto para mejorar las condiciones en infraestructura en el plantel. Existe el compromiso y seguir\u00e9 apoyando las actividades del subsistema\u201d, dijo.<\/p>\n<p>&nbsp;<\/p>\n<p>En el marco de su participaci\u00f3n como representante personal del Gobernador Silvano Aureoles Conejo, el titular de la Secretar\u00eda de Innovaci\u00f3n, Ciencia y Desarrollo Tecnol\u00f3gico (SICDET), Jos\u00e9 Luis Monta\u00f1ez Espinosa, felicit\u00f3 ampliamente el esfuerzo del CECyTEM para impulsar de manera decidida las vocaciones y el talento de los j\u00f3venes, quienes, son los depositarios del futuro.<\/p>\n<p>&nbsp;<\/p>\n<p>Adem\u00e1s, ofreci\u00f3 el apoyo de la SICDET para que los estudiantes destacados compartan sus proyectos, y brindarles acompa\u00f1amiento y asesor\u00eda especializada.<\/p>\n<p>&nbsp;<\/p>\n<p>Tambi\u00e9n asistieron al evento Gabriel Hilario Marcelino, secretario general del SUTCECyTEM; V\u00edctor Gallardo D\u00edaz, director del plantel Huandacareo; Patricia Manr\u00edquez Zavala, directora de Educaci\u00f3n Media Superior; Sigifredo G\u00f3mez Anaya, director de Planeaci\u00f3n; Ver\u00f3nica Garc\u00eda Dom\u00ednguez, directora Administrativa; Norma Ang\u00e9lica Flores Carrazco, directora Acad\u00e9mica; Rafael D\u00edaz Gil, director de Vinculaci\u00f3n; Teresa Ocampo Barrueta, subdirectora de CEMSAD; Julio Nava N\u00fa\u00f1ez, director de Inform\u00e1tica; y Julio Antonio Santoyo Hern\u00e1ndez, jefe de la Unidad Estatal de Indicadores en Materia de Juventud.<\/p>\n","protected":false},"excerpt":{"rendered":"<p>Con la participaci\u00f3n de 268 alumnos y 69 asesores, fue inaugurada la Jornada Acad\u00e9mica XXIII y el XXII CECyTEM, a celebrarse los d\u00edas 25, 26 y 27 de mayo en este municipio.<\/p>\n","protected":false},"author":1,"featured_media":23735,"comment_status":"open","ping_status":"open","sticky":false,"template":"","format":"standard","meta":{"footnotes":""},"categories":[14,3],"tags":[],"class_list":["post-23734","post","type-post","status-publish","format-standard","has-post-thumbnail","hentry","category-destacadas","category-gobierno-del-estado-de-michoacan"],"_links":{"self":[{"href":"https:\/\/radiowebmx.com\/nota\/wp-json\/wp\/v2\/posts\/23734","targetHints":{"allow":["GET"]}}],"collection":[{"href":"https:\/\/radiowebmx.com\/nota\/wp-json\/wp\/v2\/posts"}],"about":[{"href":"https:\/\/radiowebmx.com\/nota\/wp-json\/wp\/v2\/types\/post"}],"author":[{"embeddable":true,"href":"https:\/\/radiowebmx.com\/nota\/wp-json\/wp\/v2\/users\/1"}],"replies":[{"embeddable":true,"href":"https:\/\/radiowebmx.com\/nota\/wp-json\/wp\/v2\/comments?post=23734"}],"version-history":[{"count":1,"href":"https:\/\/radiowebmx.com\/nota\/wp-json\/wp\/v2\/posts\/23734\/revisions"}],"predecessor-version":[{"id":23736,"href":"https:\/\/radiowebmx.com\/nota\/wp-json\/wp\/v2\/posts\/23734\/revisions\/23736"}],"wp:featuredmedia":[{"embeddable":true,"href":"https:\/\/radiowebmx.com\/nota\/wp-json\/wp\/v2\/media\/23735"}],"wp:attachment":[{"href":"https:\/\/radiowebmx.com\/nota\/wp-json\/wp\/v2\/media?parent=23734"}],"wp:term":[{"taxonomy":"category","embeddable":true,"href":"https:\/\/radiowebmx.com\/nota\/wp-json\/wp\/v2\/categories?post=23734"},{"taxonomy":"post_tag","embeddable":true,"href":"https:\/\/radiowebmx.com\/nota\/wp-json\/wp\/v2\/tags?post=23734"}],"curies":[{"name":"wp","href":"https:\/\/api.w.org\/{rel}","templated":true}]}}