{"id":23731,"date":"2016-05-26T12:21:00","date_gmt":"2016-05-26T17:21:00","guid":{"rendered":"https:\/\/radiowebmx.com\/nota\/?p=23731"},"modified":"2016-05-26T12:21:00","modified_gmt":"2016-05-26T17:21:00","slug":"morelia-se-ajusta-a-normativas-de-accesibilidad-y-movilidad-urbana","status":"publish","type":"post","link":"https:\/\/radiowebmx.com\/nota\/morelia-se-ajusta-a-normativas-de-accesibilidad-y-movilidad-urbana\/","title":{"rendered":"Morelia se ajusta a normativas de accesibilidad y movilidad urbana"},"content":{"rendered":"<p><a href=\"https:\/\/radiowebmx.com\/nota\/wp-content\/uploads\/2016\/05\/d530a583-6ac6-4d78-b9e3-ae11c4e8eb12.jpg\"><img loading=\"lazy\" decoding=\"async\" class=\"alignleft size-full wp-image-23732\" src=\"https:\/\/radiowebmx.com\/nota\/wp-content\/uploads\/2016\/05\/d530a583-6ac6-4d78-b9e3-ae11c4e8eb12.jpg\" alt=\"d530a583-6ac6-4d78-b9e3-ae11c4e8eb12\" width=\"591\" height=\"312\" srcset=\"https:\/\/radiowebmx.com\/nota\/wp-content\/uploads\/2016\/05\/d530a583-6ac6-4d78-b9e3-ae11c4e8eb12.jpg 591w, https:\/\/radiowebmx.com\/nota\/wp-content\/uploads\/2016\/05\/d530a583-6ac6-4d78-b9e3-ae11c4e8eb12-300x158.jpg 300w\" sizes=\"auto, (max-width: 591px) 100vw, 591px\" \/><\/a>Con el objetivo de consolidar pol\u00edticas p\u00fablicas adecuadas a las condiciones territoriales del municipio y que est\u00e9n enfocadas a resolver los conflictos que se han generado por el crecimiento urbano disperso, ineficiente, irracional, inconexo e inaccesible, principalmente en sus zonas m\u00e1s segregadas y desarticuladas, en las que se presentan condiciones de desigualdad urbana, econ\u00f3mica y social, el Ayuntamiento de Morelia aprob\u00f3 en Sesi\u00f3n Ordinaria de Cabildo el Acuerdo por el que se emiten los Fundamentos, Lineamientos y Criterios T\u00e9cnicos de Pol\u00edtica P\u00fablica de Accesibilidad y Movilidad Urbana Sostenible para el Municipio.<\/p>\n<p>Bajo este esquema, el Regidor, Jorge Luis Tinoco Ortiz reconoci\u00f3 el trabajo realizado por la Comisi\u00f3n de Gobernaci\u00f3n, Trabajo, Seguridad P\u00fablica y Protecci\u00f3n Civil, as\u00ed como del Instituto Municipal de Planeaci\u00f3n (IMPLAN), ya que dentro de dichos lineamientos se atienden las necesidades actuales de modernidad de Morelia.<\/p>\n<p>Asimismo, se\u00f1al\u00f3 que dentro del dictamen se incluyen algunas propuestas de la ciudadan\u00eda que fueron emitidas durante los Foros de Morelia Next, por lo que es un trabajo completo que abarca todos los temas que puedan estar dentro de este \u00e1mbito.<\/p>\n<p>Es de precisar que el documento se\u00f1ala que por d\u00e9cadas se ha favorecido un modelo de desarrollo urbano que ha desatendido el dise\u00f1o e implementaci\u00f3n de una pol\u00edtica de movilidad integral que supere la reducci\u00f3n de la misma a un asunto de transporte en el que generalmente se ha favorecido el uso del autom\u00f3vil particular, acentuando adem\u00e1s los problemas de congesti\u00f3n vehicular, aumento de tiempos de traslado, contaminaci\u00f3n del aire, ruido, p\u00e9rdidas econ\u00f3micas e inseguridad vial.<\/p>\n<p>De igual forma se establece que en la actualidad se est\u00e1 trabajando por fortalecer el entendimiento del derecho a la movilidad como un derecho individual y social, asimismo,\u00a0 se especifica que deber\u00e1 entenderse por derecho a la movilidad como el derecho de toda persona y de la colectividad a disponer de un sistema integral de movilidad de calidad y aceptable, suficiente y accesible que, en condiciones de igualdad y sostenibilidad, permita el efectivo desplazamiento de todas las personas en un territorio para la satisfacci\u00f3n de sus necesidades y pleno desarrollo.<\/p>\n<p>El dictamen especifica que por sistema integral de movilidad deber\u00e1 entenderse el conjunto de factores p\u00fablicos y privados, integrados e interconectados, ya sean t\u00e9cnico-industriales, normativos, institucionales y\/o de infraestructura, que hacen posible la realizaci\u00f3n de movimientos en un territorio.<\/p>\n<p>En otro orden de ideas, Ana Cristina Prado Mart\u00ednez, Directora del Instituto de la Juventud Moreliana (IJUM), entreg\u00f3 la lista de seleccionados por el Consejo General de Premiaci\u00f3n para la entrega de la Condecoraci\u00f3n al M\u00e9rito Juvenil 2016, en 13 diferentes \u00e1mbitos, de igual forma se entregar\u00e1n tres menciones honorificas a j\u00f3venes destacados con la finalidad de que este incentivo sea una motivaci\u00f3n.<\/p>\n<p>Es de precisar que este reconocimiento ser\u00e1 entregado el pr\u00f3ximo viernes en Sesi\u00f3n Solemne.<\/p>\n","protected":false},"excerpt":{"rendered":"<p>Con el objetivo de consolidar pol\u00edticas p\u00fablicas adecuadas a las condiciones territoriales del municipio y que est\u00e9n enfocadas a resolver los conflictos que se han generado por el crecimiento urbano disperso, ineficiente,<\/p>\n","protected":false},"author":1,"featured_media":23732,"comment_status":"open","ping_status":"open","sticky":false,"template":"","format":"standard","meta":{"footnotes":""},"categories":[14,9],"tags":[],"class_list":["post-23731","post","type-post","status-publish","format-standard","has-post-thumbnail","hentry","category-destacadas","category-morelia"],"_links":{"self":[{"href":"https:\/\/radiowebmx.com\/nota\/wp-json\/wp\/v2\/posts\/23731","targetHints":{"allow":["GET"]}}],"collection":[{"href":"https:\/\/radiowebmx.com\/nota\/wp-json\/wp\/v2\/posts"}],"about":[{"href":"https:\/\/radiowebmx.com\/nota\/wp-json\/wp\/v2\/types\/post"}],"author":[{"embeddable":true,"href":"https:\/\/radiowebmx.com\/nota\/wp-json\/wp\/v2\/users\/1"}],"replies":[{"embeddable":true,"href":"https:\/\/radiowebmx.com\/nota\/wp-json\/wp\/v2\/comments?post=23731"}],"version-history":[{"count":1,"href":"https:\/\/radiowebmx.com\/nota\/wp-json\/wp\/v2\/posts\/23731\/revisions"}],"predecessor-version":[{"id":23733,"href":"https:\/\/radiowebmx.com\/nota\/wp-json\/wp\/v2\/posts\/23731\/revisions\/23733"}],"wp:featuredmedia":[{"embeddable":true,"href":"https:\/\/radiowebmx.com\/nota\/wp-json\/wp\/v2\/media\/23732"}],"wp:attachment":[{"href":"https:\/\/radiowebmx.com\/nota\/wp-json\/wp\/v2\/media?parent=23731"}],"wp:term":[{"taxonomy":"category","embeddable":true,"href":"https:\/\/radiowebmx.com\/nota\/wp-json\/wp\/v2\/categories?post=23731"},{"taxonomy":"post_tag","embeddable":true,"href":"https:\/\/radiowebmx.com\/nota\/wp-json\/wp\/v2\/tags?post=23731"}],"curies":[{"name":"wp","href":"https:\/\/api.w.org\/{rel}","templated":true}]}}