{"id":23728,"date":"2016-05-26T12:18:45","date_gmt":"2016-05-26T17:18:45","guid":{"rendered":"https:\/\/radiowebmx.com\/nota\/?p=23728"},"modified":"2016-05-26T12:18:45","modified_gmt":"2016-05-26T17:18:45","slug":"inicia-la-jornada-estatal-academica-cultural-y-deportiva-del-cobaem","status":"publish","type":"post","link":"https:\/\/radiowebmx.com\/nota\/inicia-la-jornada-estatal-academica-cultural-y-deportiva-del-cobaem\/","title":{"rendered":"Inicia la Jornada Estatal Acad\u00e9mica, Cultural y Deportiva del Cobaem"},"content":{"rendered":"<figure id=\"attachment_23729\" aria-describedby=\"caption-attachment-23729\" style=\"width: 591px\" class=\"wp-caption alignleft\"><a href=\"https:\/\/radiowebmx.com\/nota\/wp-content\/uploads\/2016\/05\/d4260893-936f-49a4-a092-7b544d25862a.jpg\"><img loading=\"lazy\" decoding=\"async\" class=\"size-full wp-image-23729\" src=\"https:\/\/radiowebmx.com\/nota\/wp-content\/uploads\/2016\/05\/d4260893-936f-49a4-a092-7b544d25862a.jpg\" alt=\"chinicuila\" width=\"591\" height=\"342\" srcset=\"https:\/\/radiowebmx.com\/nota\/wp-content\/uploads\/2016\/05\/d4260893-936f-49a4-a092-7b544d25862a.jpg 591w, https:\/\/radiowebmx.com\/nota\/wp-content\/uploads\/2016\/05\/d4260893-936f-49a4-a092-7b544d25862a-300x174.jpg 300w\" sizes=\"auto, (max-width: 591px) 100vw, 591px\" \/><\/a><figcaption id=\"caption-attachment-23729\" class=\"wp-caption-text\">chinicuila<\/figcaption><\/figure>\n<p>Con la participaci\u00f3n de m\u00e1s de 2 mil 500 alumnos de los 127 planteles del Colegio de Bachilleres del Estado de Michoac\u00e1n (Cobaem), este mi\u00e9rcoles fue inaugurada la XXXII Jornada Estatal Acad\u00e9mica, Cultural y Deportiva, cuyo objetivo es fortalecer el desarrollo integral de los estudiantes y fomentar la sana convivencia entre ellos, adem\u00e1s de mostrar sus conocimientos, habilidades y destrezas en las diferentes disciplinas.<\/p>\n<p>En su discurso el director general del Cobaem, Alejandro Bustos Aguilar, destac\u00f3 que este espacio \u201cbusca promover el intercambio del conocimiento y la formaci\u00f3n universal mediante actividades acad\u00e9micas, culturales y deportivas, fortaleciendo con ello los prop\u00f3sitos de vinculaci\u00f3n y formaci\u00f3n entre los estudiantes de esta instituci\u00f3n\u201d.<\/p>\n<p>Reconoci\u00f3 el esfuerzo y entrega que los asesores han demostrado para preparar a sus grupos o apoyar a sus alumnos para que participen en la XXXII Jornada Estatal Acad\u00e9mica, Cultural y Deportiva.<\/p>\n<p>Bustos Aguilar invit\u00f3 a los j\u00f3venes a disfrutar estas actividades, ya que tienen en sus manos la oportunidad de convivir con sus compa\u00f1eros de otros planteles, hacer amistad y compartir experiencias.<\/p>\n<p>Enfatiz\u00f3 que se debe generar y promover el intercambio de propuestas y proyectos integradores y su vinculaci\u00f3n con la comunidad. En este tenor, destac\u00f3 la implementaci\u00f3n de los programas LEEcobaem y ECObaem, con los que se busca desarrollar en cada centro de trabajo espacios para el fortalecimiento de las habilidades del pensamiento y comprensi\u00f3n lectora.<\/p>\n<p>Por \u00faltimo, el director general del Cobaem felicit\u00f3 a los j\u00f3venes talentos del subsistema, a quienes reconoci\u00f3 su esfuerzo y preparaci\u00f3n para lograr importantes reconocimientos a nivel nacional.<\/p>\n<p>Por su parte, el subsecretario de Educaci\u00f3n Media Superior de Michoac\u00e1n, Erasmo Cadenas Calder\u00f3n, en representaci\u00f3n del Gobernador Constitucional, Silvano Aureoles Conejo, manifesto su agrado por la celebraci\u00f3n de esta Jornada dirigida a los j\u00f3venes, que son la esperanza de Michoac\u00e1n.<\/p>\n<p>\u201cNos congratulamos porque el Colegio de Bachilleres promueva la formaci\u00f3n integral de los j\u00f3venes. La cultura contiene los patrones de conducta aprendidos que caracterizan a una sociedad, y el deporte aporta al ser humano beneficios f\u00edsicos, psicol\u00f3gicos y sociales\u201d, a\u00f1adi\u00f3.<\/p>\n<p>En este evento los j\u00f3venes bachilleres competir\u00e1n durante tres d\u00edas en 37 actividades diferentes: siete eventos acad\u00e9micos, 20 culturales, dos c\u00edvicos y ocho eventos deportivos.<\/p>\n<p>Las actividades se desarrollar\u00e1n en diversos espacios de la ciudad de Morelia, donde los j\u00f3venes demostrar\u00e1n sus capacidades y buscar\u00e1n obtener los mejores lugares.<\/p>\n","protected":false},"excerpt":{"rendered":"<p>Con la participaci\u00f3n de m\u00e1s de 2 mil 500 alumnos de los 127 planteles del Cobaem, este mi\u00e9rcoles fue inaugurada la XXXII Jornada Estatal Acad\u00e9mica, Cultural y Deportiva, cuyo objetivo es fortalecer el desarrollo integral de los estudiantes y fomentar la sana convivencia entre ellos, <\/p>\n","protected":false},"author":1,"featured_media":23729,"comment_status":"open","ping_status":"open","sticky":false,"template":"","format":"standard","meta":{"footnotes":""},"categories":[14,3],"tags":[],"class_list":["post-23728","post","type-post","status-publish","format-standard","has-post-thumbnail","hentry","category-destacadas","category-gobierno-del-estado-de-michoacan"],"_links":{"self":[{"href":"https:\/\/radiowebmx.com\/nota\/wp-json\/wp\/v2\/posts\/23728","targetHints":{"allow":["GET"]}}],"collection":[{"href":"https:\/\/radiowebmx.com\/nota\/wp-json\/wp\/v2\/posts"}],"about":[{"href":"https:\/\/radiowebmx.com\/nota\/wp-json\/wp\/v2\/types\/post"}],"author":[{"embeddable":true,"href":"https:\/\/radiowebmx.com\/nota\/wp-json\/wp\/v2\/users\/1"}],"replies":[{"embeddable":true,"href":"https:\/\/radiowebmx.com\/nota\/wp-json\/wp\/v2\/comments?post=23728"}],"version-history":[{"count":1,"href":"https:\/\/radiowebmx.com\/nota\/wp-json\/wp\/v2\/posts\/23728\/revisions"}],"predecessor-version":[{"id":23730,"href":"https:\/\/radiowebmx.com\/nota\/wp-json\/wp\/v2\/posts\/23728\/revisions\/23730"}],"wp:featuredmedia":[{"embeddable":true,"href":"https:\/\/radiowebmx.com\/nota\/wp-json\/wp\/v2\/media\/23729"}],"wp:attachment":[{"href":"https:\/\/radiowebmx.com\/nota\/wp-json\/wp\/v2\/media?parent=23728"}],"wp:term":[{"taxonomy":"category","embeddable":true,"href":"https:\/\/radiowebmx.com\/nota\/wp-json\/wp\/v2\/categories?post=23728"},{"taxonomy":"post_tag","embeddable":true,"href":"https:\/\/radiowebmx.com\/nota\/wp-json\/wp\/v2\/tags?post=23728"}],"curies":[{"name":"wp","href":"https:\/\/api.w.org\/{rel}","templated":true}]}}