{"id":23724,"date":"2016-05-26T11:54:27","date_gmt":"2016-05-26T16:54:27","guid":{"rendered":"https:\/\/radiowebmx.com\/nota\/?p=23724"},"modified":"2016-05-26T11:54:27","modified_gmt":"2016-05-26T16:54:27","slug":"llega-a-michoacan-la-ruta-de-pescados-y-mariscos-que-rrrico","status":"publish","type":"post","link":"https:\/\/radiowebmx.com\/nota\/llega-a-michoacan-la-ruta-de-pescados-y-mariscos-que-rrrico\/","title":{"rendered":"Llega a Michoac\u00e1n la Ruta de Pescados y Mariscos \u00a1Qu\u00e9 Rrrico!"},"content":{"rendered":"<p><a href=\"https:\/\/radiowebmx.com\/nota\/wp-content\/uploads\/2016\/05\/959ed0ad-acb7-4c2a-b429-958d3db2bbbd.jpg\"><img loading=\"lazy\" decoding=\"async\" class=\"alignleft size-full wp-image-23725\" src=\"https:\/\/radiowebmx.com\/nota\/wp-content\/uploads\/2016\/05\/959ed0ad-acb7-4c2a-b429-958d3db2bbbd.jpg\" alt=\"959ed0ad-acb7-4c2a-b429-958d3db2bbbd\" width=\"591\" height=\"321\" srcset=\"https:\/\/radiowebmx.com\/nota\/wp-content\/uploads\/2016\/05\/959ed0ad-acb7-4c2a-b429-958d3db2bbbd.jpg 591w, https:\/\/radiowebmx.com\/nota\/wp-content\/uploads\/2016\/05\/959ed0ad-acb7-4c2a-b429-958d3db2bbbd-300x163.jpg 300w\" sizes=\"auto, (max-width: 591px) 100vw, 591px\" \/><\/a>Con el objetivo de promover el consumo de los productos pesqueros y acu\u00edcolas del estado, este mi\u00e9rcoles fue anunciada la Ruta de Pescados y Mariscos \u00a1Qu\u00e9 Rrrico! sede Michoac\u00e1n.<\/p>\n<p>En conferencia de prensa, la directora general de la Comisi\u00f3n de Pesca (Compesca), Larisa M\u00e9ndez B\u00e9jar; la titular de la Coordinaci\u00f3n General de Comunicaci\u00f3n Social, Julieta L\u00f3pez Bautista; la directora del Sistema Michoacano de Radio y Televisi\u00f3n, Gabriela Molina Aguilar, y la titular de la Secretar\u00eda de Turismo del Estado, Liliana L\u00f3pez Buenrostro, dieron a conocer los pormenores de la Ruta.<\/p>\n<p>M\u00e9ndez B\u00e9jar mencion\u00f3 que Michoac\u00e1n fue uno de los nueve estados elegidas por el\u00a0Consejo Mexicano de Promoci\u00f3n de los Productos Pesqueros y Acu\u00edcolas\u00a0(Comepesca)\u00a0para ser sede de la Ruta \u00a1Qu\u00e9 Rrrico! debido a su importancia a nivel nacional en la producci\u00f3n acu\u00edcola y pesquera, ya que cuenta con importantes lagos, como P\u00e1tzcuaro, Zirahu\u00e9n y Cuitzeo, as\u00ed como 11 presas consideradas de gran importancia, entre las cuales destaca la de Infiernillo, as\u00ed como m\u00e1s de 240 kil\u00f3metros de litoral costero.<\/p>\n<p>Detall\u00f3 que este evento es resultado de la suma de esfuerzos de la Comepesca, la Comisi\u00f3n Nacional de Acuacultura y Pesca, el Gobierno del Estado de Michoac\u00e1n, pescadores, acuacultores, restauranteros, chefs, instituciones educativas y colegios culinarios, con la finalidad de promover la riqueza de los pescados y mariscos michoacanos.<\/p>\n<p>La Ruta se llevar\u00e1 a cabo los d\u00edas 4, 5 y 6 de junio en el Centro de Convenciones de Morelia, en donde se exhibir\u00e1 un cortometraje que presenta la din\u00e1mica del sector, as\u00ed como promocionales del estado y 10 videorecetas\u00a0 preparadas por el reconocido chef Aquiles Ch\u00e1vez a trav\u00e9s de un cine m\u00f3vil con capacidad para 91 personas por funci\u00f3n.<\/p>\n<p>De igual manera, se contar\u00e1 con un auditorio abierto donde el chef Aquiles Ch\u00e1vez y chefs locales har\u00e1n demostraciones interactivas de cocina de pescados y mariscos michoacanos, activaciones f\u00edsicas de rutinas musicalizadas, espect\u00e1culos culturales, degustaciones de recetas, una zona para la exposici\u00f3n y venta de productos y alimentos.<\/p>\n","protected":false},"excerpt":{"rendered":"<p>Con el objetivo de promover el consumo de los productos pesqueros y acu\u00edcolas del estado, este mi\u00e9rcoles fue anunciada la Ruta de Pescados y Mariscos \u00a1Qu\u00e9 Rrrico! sede Michoac\u00e1n.<\/p>\n","protected":false},"author":1,"featured_media":23725,"comment_status":"open","ping_status":"open","sticky":false,"template":"","format":"standard","meta":{"footnotes":""},"categories":[14,3],"tags":[],"class_list":["post-23724","post","type-post","status-publish","format-standard","has-post-thumbnail","hentry","category-destacadas","category-gobierno-del-estado-de-michoacan"],"_links":{"self":[{"href":"https:\/\/radiowebmx.com\/nota\/wp-json\/wp\/v2\/posts\/23724","targetHints":{"allow":["GET"]}}],"collection":[{"href":"https:\/\/radiowebmx.com\/nota\/wp-json\/wp\/v2\/posts"}],"about":[{"href":"https:\/\/radiowebmx.com\/nota\/wp-json\/wp\/v2\/types\/post"}],"author":[{"embeddable":true,"href":"https:\/\/radiowebmx.com\/nota\/wp-json\/wp\/v2\/users\/1"}],"replies":[{"embeddable":true,"href":"https:\/\/radiowebmx.com\/nota\/wp-json\/wp\/v2\/comments?post=23724"}],"version-history":[{"count":1,"href":"https:\/\/radiowebmx.com\/nota\/wp-json\/wp\/v2\/posts\/23724\/revisions"}],"predecessor-version":[{"id":23726,"href":"https:\/\/radiowebmx.com\/nota\/wp-json\/wp\/v2\/posts\/23724\/revisions\/23726"}],"wp:featuredmedia":[{"embeddable":true,"href":"https:\/\/radiowebmx.com\/nota\/wp-json\/wp\/v2\/media\/23725"}],"wp:attachment":[{"href":"https:\/\/radiowebmx.com\/nota\/wp-json\/wp\/v2\/media?parent=23724"}],"wp:term":[{"taxonomy":"category","embeddable":true,"href":"https:\/\/radiowebmx.com\/nota\/wp-json\/wp\/v2\/categories?post=23724"},{"taxonomy":"post_tag","embeddable":true,"href":"https:\/\/radiowebmx.com\/nota\/wp-json\/wp\/v2\/tags?post=23724"}],"curies":[{"name":"wp","href":"https:\/\/api.w.org\/{rel}","templated":true}]}}