{"id":23717,"date":"2016-05-26T11:48:24","date_gmt":"2016-05-26T16:48:24","guid":{"rendered":"https:\/\/radiowebmx.com\/nota\/?p=23717"},"modified":"2016-05-26T11:50:04","modified_gmt":"2016-05-26T16:50:04","slug":"ayuntamiento-participa-en-programa-de-ampliacion-de-viviendas-en-beneficio-de-familias-morelianas","status":"publish","type":"post","link":"https:\/\/radiowebmx.com\/nota\/ayuntamiento-participa-en-programa-de-ampliacion-de-viviendas-en-beneficio-de-familias-morelianas\/","title":{"rendered":"Ayuntamiento participa en programa de ampliaci\u00f3n de viviendas en beneficio de familias morelianas"},"content":{"rendered":"<p><a href=\"https:\/\/radiowebmx.com\/nota\/wp-content\/uploads\/2016\/05\/ba80e000-0361-4bd2-ad2d-817f6d074904.jpg\"><img loading=\"lazy\" decoding=\"async\" class=\"alignleft size-full wp-image-23718\" src=\"https:\/\/radiowebmx.com\/nota\/wp-content\/uploads\/2016\/05\/ba80e000-0361-4bd2-ad2d-817f6d074904.jpg\" alt=\"ba80e000-0361-4bd2-ad2d-817f6d074904\" width=\"591\" height=\"263\" srcset=\"https:\/\/radiowebmx.com\/nota\/wp-content\/uploads\/2016\/05\/ba80e000-0361-4bd2-ad2d-817f6d074904.jpg 591w, https:\/\/radiowebmx.com\/nota\/wp-content\/uploads\/2016\/05\/ba80e000-0361-4bd2-ad2d-817f6d074904-300x134.jpg 300w\" sizes=\"auto, (max-width: 591px) 100vw, 591px\" \/><\/a>En la b\u00fasqueda de mejorar las condiciones de vida de los sectores m\u00e1s vulnerables de la poblaci\u00f3n moreliana, a trav\u00e9s de la expansi\u00f3n de su hogar con la construcci\u00f3n de nuevas rec\u00e1maras y una mejora general de las condiciones de su espacio de vivienda, el Ayuntamiento de Morelia aprob\u00f3 por unanimidad la tarde de este mi\u00e9rcoles en Sesi\u00f3n Extraordinaria de cabildo, la participaci\u00f3n del municipio en el programa de Apoyo a la Vivienda 2016 que opera el Fideicomiso Nacional de Habitaciones Populares (FONHAPO), a trav\u00e9s de la Delegaci\u00f3n Estatal de la Secretar\u00eda de Desarrollo Agrario Territorial y Urbano.<\/p>\n<p>Con este subsidio otorgado por la Federaci\u00f3n, el Ayuntamiento que encabeza el Alcalde, Alfonso Mart\u00ednez Alc\u00e1zar, busca mejorar las condiciones de vivienda de la poblaci\u00f3n m\u00e1s desfavorecida, poniendo especial \u00e9nfasis en las familias que viven en zonas de alto riesgo o aquellas cuyos integrantes pertenezcan al sector de grupos vulnerables.<\/p>\n<p>La cantidad aportada por el Municipio y la Federaci\u00f3n ser\u00e1 de un total de 22 millones de pesos para el programa de Apoyo a la Vivienda 2016, misma que ser\u00e1 usada en su mayor\u00eda para la ampliaci\u00f3n de las viviendas o la construcci\u00f3n de nuevas habitaciones que resulten m\u00e1s c\u00f3modas para este sector de la poblaci\u00f3n.<\/p>\n<p>Con estas acciones, el Ayuntamiento de Morelia pone de manifiesto su compromiso de mejorar la calidad de vida de los sectores m\u00e1s desfavorecidos del municipio, a trav\u00e9s del trabajo mano a mano con las instancias Federales.<\/p>\n","protected":false},"excerpt":{"rendered":"<p>En la b\u00fasqueda de mejorar las condiciones de vida de los sectores m\u00e1s vulnerables de la poblaci\u00f3n moreliana, a trav\u00e9s de la expansi\u00f3n de su hogar con la construcci\u00f3n de nuevas rec\u00e1maras y una mejora general de las condiciones de su espacio de vivienda, <\/p>\n","protected":false},"author":1,"featured_media":23718,"comment_status":"open","ping_status":"open","sticky":false,"template":"","format":"standard","meta":{"footnotes":""},"categories":[14,9],"tags":[],"class_list":["post-23717","post","type-post","status-publish","format-standard","has-post-thumbnail","hentry","category-destacadas","category-morelia"],"_links":{"self":[{"href":"https:\/\/radiowebmx.com\/nota\/wp-json\/wp\/v2\/posts\/23717","targetHints":{"allow":["GET"]}}],"collection":[{"href":"https:\/\/radiowebmx.com\/nota\/wp-json\/wp\/v2\/posts"}],"about":[{"href":"https:\/\/radiowebmx.com\/nota\/wp-json\/wp\/v2\/types\/post"}],"author":[{"embeddable":true,"href":"https:\/\/radiowebmx.com\/nota\/wp-json\/wp\/v2\/users\/1"}],"replies":[{"embeddable":true,"href":"https:\/\/radiowebmx.com\/nota\/wp-json\/wp\/v2\/comments?post=23717"}],"version-history":[{"count":1,"href":"https:\/\/radiowebmx.com\/nota\/wp-json\/wp\/v2\/posts\/23717\/revisions"}],"predecessor-version":[{"id":23719,"href":"https:\/\/radiowebmx.com\/nota\/wp-json\/wp\/v2\/posts\/23717\/revisions\/23719"}],"wp:featuredmedia":[{"embeddable":true,"href":"https:\/\/radiowebmx.com\/nota\/wp-json\/wp\/v2\/media\/23718"}],"wp:attachment":[{"href":"https:\/\/radiowebmx.com\/nota\/wp-json\/wp\/v2\/media?parent=23717"}],"wp:term":[{"taxonomy":"category","embeddable":true,"href":"https:\/\/radiowebmx.com\/nota\/wp-json\/wp\/v2\/categories?post=23717"},{"taxonomy":"post_tag","embeddable":true,"href":"https:\/\/radiowebmx.com\/nota\/wp-json\/wp\/v2\/tags?post=23717"}],"curies":[{"name":"wp","href":"https:\/\/api.w.org\/{rel}","templated":true}]}}