{"id":23684,"date":"2016-05-25T12:50:18","date_gmt":"2016-05-25T17:50:18","guid":{"rendered":"https:\/\/radiowebmx.com\/nota\/?p=23684"},"modified":"2016-05-25T12:50:18","modified_gmt":"2016-05-25T17:50:18","slug":"destaca-la-utm-la-gran-formacion-de-sus-alumnos-y-docentes-de-gastronomia","status":"publish","type":"post","link":"https:\/\/radiowebmx.com\/nota\/destaca-la-utm-la-gran-formacion-de-sus-alumnos-y-docentes-de-gastronomia\/","title":{"rendered":"Destaca la UTM la gran formaci\u00f3n de sus alumnos y docentes de Gastronom\u00eda"},"content":{"rendered":"<p><a href=\"https:\/\/radiowebmx.com\/nota\/wp-content\/uploads\/2016\/05\/ec1cb463-b3eb-4564-aacd-4997ef4c4b36.jpg\"><img loading=\"lazy\" decoding=\"async\" class=\"alignleft  wp-image-23685\" src=\"https:\/\/radiowebmx.com\/nota\/wp-content\/uploads\/2016\/05\/ec1cb463-b3eb-4564-aacd-4997ef4c4b36.jpg\" alt=\"ec1cb463-b3eb-4564-aacd-4997ef4c4b36\" width=\"489\" height=\"904\" \/><\/a>Con el objetivo de que conozcan las tendencias culinarias con los m\u00e1ximos representantes de la gastronom\u00eda de M\u00e9xico y el mundo, alumnos y docentes de la Universidad Tecnol\u00f3gica de Morelia (UTM) participaron en el Festival Internacional Morelia en Boca.<\/p>\n<p>\u201cUn total de 41 alumnos de la UTM y dos docentes participaron en dicho evento, tambi\u00e9n con el objetivo de interactuar con estudiantes de otras instituciones educativas, generar una red de j\u00f3venes universitarios en pro de la gastronom\u00eda de tendencias, y vivir una experiencia con profesionales del arte culinario\u201d, resalt\u00f3 el director de la carrera de Gastronom\u00eda de la instituci\u00f3n, Oscar Garc\u00eda Vel\u00e1zquez, quien indic\u00f3 que se buscar\u00e1 que cada a\u00f1o participen m\u00e1s alumnos de la UTM en este evento para posteriormente coordinar su operaci\u00f3n.<\/p>\n<p>Por otro lado, coment\u00f3 que el chef Hugo Mora Alcar\u00e1z, quien es docente de la carrera de Gastronom\u00eda en la UTM, es uno de los cuatro mexicanos que este martes lograron su clasificaci\u00f3n a la semifinal de la convocatoria Young Chef Latin Am\u00e9rica, la cual se llevar\u00e1 a cabo en pr\u00f3ximas fechas en Santiago de Chile.<\/p>\n","protected":false},"excerpt":{"rendered":"<p>Con el objetivo de que conozcan las tendencias culinarias con los m\u00e1ximos representantes de la gastronom\u00eda de M\u00e9xico y el mundo, alumnos y docentes de la UTM participaron en el Festival Internacional Morelia en Boca.<\/p>\n","protected":false},"author":1,"featured_media":23685,"comment_status":"open","ping_status":"open","sticky":false,"template":"","format":"standard","meta":{"footnotes":""},"categories":[14,3],"tags":[],"class_list":["post-23684","post","type-post","status-publish","format-standard","has-post-thumbnail","hentry","category-destacadas","category-gobierno-del-estado-de-michoacan"],"_links":{"self":[{"href":"https:\/\/radiowebmx.com\/nota\/wp-json\/wp\/v2\/posts\/23684","targetHints":{"allow":["GET"]}}],"collection":[{"href":"https:\/\/radiowebmx.com\/nota\/wp-json\/wp\/v2\/posts"}],"about":[{"href":"https:\/\/radiowebmx.com\/nota\/wp-json\/wp\/v2\/types\/post"}],"author":[{"embeddable":true,"href":"https:\/\/radiowebmx.com\/nota\/wp-json\/wp\/v2\/users\/1"}],"replies":[{"embeddable":true,"href":"https:\/\/radiowebmx.com\/nota\/wp-json\/wp\/v2\/comments?post=23684"}],"version-history":[{"count":1,"href":"https:\/\/radiowebmx.com\/nota\/wp-json\/wp\/v2\/posts\/23684\/revisions"}],"predecessor-version":[{"id":23686,"href":"https:\/\/radiowebmx.com\/nota\/wp-json\/wp\/v2\/posts\/23684\/revisions\/23686"}],"wp:featuredmedia":[{"embeddable":true,"href":"https:\/\/radiowebmx.com\/nota\/wp-json\/wp\/v2\/media\/23685"}],"wp:attachment":[{"href":"https:\/\/radiowebmx.com\/nota\/wp-json\/wp\/v2\/media?parent=23684"}],"wp:term":[{"taxonomy":"category","embeddable":true,"href":"https:\/\/radiowebmx.com\/nota\/wp-json\/wp\/v2\/categories?post=23684"},{"taxonomy":"post_tag","embeddable":true,"href":"https:\/\/radiowebmx.com\/nota\/wp-json\/wp\/v2\/tags?post=23684"}],"curies":[{"name":"wp","href":"https:\/\/api.w.org\/{rel}","templated":true}]}}