{"id":23662,"date":"2016-05-24T11:52:02","date_gmt":"2016-05-24T16:52:02","guid":{"rendered":"https:\/\/radiowebmx.com\/nota\/?p=23662"},"modified":"2016-05-24T11:52:13","modified_gmt":"2016-05-24T16:52:13","slug":"con-mas-de-mil-participantes-arranca-2-congreso-virtual-internacional-multidisciplinario-de-la-univim","status":"publish","type":"post","link":"https:\/\/radiowebmx.com\/nota\/con-mas-de-mil-participantes-arranca-2-congreso-virtual-internacional-multidisciplinario-de-la-univim\/","title":{"rendered":"Con m\u00e1s de mil participantes arranca 2\u00b0 Congreso Virtual Internacional Multidisciplinario de la Univim"},"content":{"rendered":"<p><a href=\"https:\/\/radiowebmx.com\/nota\/wp-content\/uploads\/2016\/05\/96e523fe-d3f2-47dc-ad99-a65402e69b2f.jpg\"><img loading=\"lazy\" decoding=\"async\" class=\"alignleft size-full wp-image-23663\" src=\"https:\/\/radiowebmx.com\/nota\/wp-content\/uploads\/2016\/05\/96e523fe-d3f2-47dc-ad99-a65402e69b2f.jpg\" alt=\"96e523fe-d3f2-47dc-ad99-a65402e69b2f\" width=\"591\" height=\"222\" srcset=\"https:\/\/radiowebmx.com\/nota\/wp-content\/uploads\/2016\/05\/96e523fe-d3f2-47dc-ad99-a65402e69b2f.jpg 591w, https:\/\/radiowebmx.com\/nota\/wp-content\/uploads\/2016\/05\/96e523fe-d3f2-47dc-ad99-a65402e69b2f-300x113.jpg 300w\" sizes=\"auto, (max-width: 591px) 100vw, 591px\" \/><\/a>Con el prop\u00f3sito de analizar, discutir y difundir las posturas de vanguardia sobre la Educaci\u00f3n en L\u00ednea, la Universidad Virtual del Estado de Michoac\u00e1n (Univim), arranc\u00f3 su 2\u00b0 Congreso Virtual Internacional Multidisciplinario \u201cInnovaci\u00f3n Educativa\u201d, que tiene lugar del 23 al 29 de mayo, en el Centro de Informaci\u00f3n, Arte y Cultura (CIAC) de la Universidad Michoacana de San Nicol\u00e1s de Hidalgo.<\/p>\n<p>Con mil 39 personas inscritas, el segundo Congreso de la Univim da muestra de la tendencia en el uso de las nuevas tecnolog\u00edas para el aprendizaje y conocimiento actual, ya que la modalidad virtual ha atra\u00eddo el inter\u00e9s de los participantes, gracias a beneficios como la disminuci\u00f3n en gastos de traslado y permanencia, la accesibilidad en tiempos y la comodidad con el uso de internet.<\/p>\n<p>Dicho evento se desarrollar\u00e1 en dos modalidades, del lunes 23 al domingo 29 de mayo, virtual y mixto; del lunes 23 al mi\u00e9rcoles 25, virtual; jueves 26 y viernes 27, presencial; s\u00e1bado 28 y domingo 29 virtual; donde se presentar\u00e1n ponencias de talla internacional, talleres, as\u00ed como investigaciones en proceso o concluidas que invitan a la discusi\u00f3n, reflexi\u00f3n y socializaci\u00f3n bajo un modelo din\u00e1mico de participaci\u00f3n en l\u00ednea o presencial.<\/p>\n<p>Cabe mencionar que en el marco de su 5\u00b0 Aniversario, la Univim har\u00e1 entrega de la distinci\u00f3n Doctor Honoris Causa el 26 de mayo a personalidades de nivel internacional que han hecho aportes sustanciales a la Educaci\u00f3n Virtual como son: Lorenzo Garc\u00eda Aretio, catedr\u00e1tico de Teor\u00eda de la Educaci\u00f3n y Educaci\u00f3n a Distancia de la Facultad de Educaci\u00f3n de la Universidad Nacional de Espa\u00f1a; y Francisco Cervantes P\u00e9rez, doctor en Ciencias de la Computaci\u00f3n y la Informaci\u00f3n, quien es Coordinador de la Unidad Abierta y a Distancia de la UNAM.<\/p>\n<p>El Congreso est\u00e1 dise\u00f1ado para estudiantes, docentes, investigadores y especialistas de las diferentes instituciones educativas virtuales y presenciales; as\u00ed como funcionarios, profesionistas y p\u00fablico en general que desee conocer sobre las tendencias e innovaci\u00f3n educativa en ambientes virtuales del conocimiento.<\/p>\n","protected":false},"excerpt":{"rendered":"<p>Con el prop\u00f3sito de analizar, discutir y difundir las posturas de vanguardia sobre la Educaci\u00f3n en L\u00ednea, la Univim, arranc\u00f3 su 2\u00b0 Congreso Virtual Internacional Multidisciplinario \u201cInnovaci\u00f3n Educativa\u201d, que tiene lugar del 23 al 29 de mayo,<\/p>\n","protected":false},"author":1,"featured_media":23663,"comment_status":"open","ping_status":"open","sticky":false,"template":"","format":"standard","meta":{"footnotes":""},"categories":[14,3],"tags":[],"class_list":["post-23662","post","type-post","status-publish","format-standard","has-post-thumbnail","hentry","category-destacadas","category-gobierno-del-estado-de-michoacan"],"_links":{"self":[{"href":"https:\/\/radiowebmx.com\/nota\/wp-json\/wp\/v2\/posts\/23662","targetHints":{"allow":["GET"]}}],"collection":[{"href":"https:\/\/radiowebmx.com\/nota\/wp-json\/wp\/v2\/posts"}],"about":[{"href":"https:\/\/radiowebmx.com\/nota\/wp-json\/wp\/v2\/types\/post"}],"author":[{"embeddable":true,"href":"https:\/\/radiowebmx.com\/nota\/wp-json\/wp\/v2\/users\/1"}],"replies":[{"embeddable":true,"href":"https:\/\/radiowebmx.com\/nota\/wp-json\/wp\/v2\/comments?post=23662"}],"version-history":[{"count":1,"href":"https:\/\/radiowebmx.com\/nota\/wp-json\/wp\/v2\/posts\/23662\/revisions"}],"predecessor-version":[{"id":23664,"href":"https:\/\/radiowebmx.com\/nota\/wp-json\/wp\/v2\/posts\/23662\/revisions\/23664"}],"wp:featuredmedia":[{"embeddable":true,"href":"https:\/\/radiowebmx.com\/nota\/wp-json\/wp\/v2\/media\/23663"}],"wp:attachment":[{"href":"https:\/\/radiowebmx.com\/nota\/wp-json\/wp\/v2\/media?parent=23662"}],"wp:term":[{"taxonomy":"category","embeddable":true,"href":"https:\/\/radiowebmx.com\/nota\/wp-json\/wp\/v2\/categories?post=23662"},{"taxonomy":"post_tag","embeddable":true,"href":"https:\/\/radiowebmx.com\/nota\/wp-json\/wp\/v2\/tags?post=23662"}],"curies":[{"name":"wp","href":"https:\/\/api.w.org\/{rel}","templated":true}]}}