{"id":23656,"date":"2016-05-24T11:45:53","date_gmt":"2016-05-24T16:45:53","guid":{"rendered":"https:\/\/radiowebmx.com\/nota\/?p=23656"},"modified":"2016-05-24T11:45:53","modified_gmt":"2016-05-24T16:45:53","slug":"brinda-cedemun-atencion-personalizada-a-los-ayuntamientos-2","status":"publish","type":"post","link":"https:\/\/radiowebmx.com\/nota\/brinda-cedemun-atencion-personalizada-a-los-ayuntamientos-2\/","title":{"rendered":"Brinda Cedemun atenci\u00f3n personalizada a los ayuntamientos"},"content":{"rendered":"<p><a href=\"https:\/\/radiowebmx.com\/nota\/wp-content\/uploads\/2016\/05\/0c72d881-0389-476d-b133-0a98c13ed60b.jpg\"><img loading=\"lazy\" decoding=\"async\" class=\"alignleft size-full wp-image-23657\" src=\"https:\/\/radiowebmx.com\/nota\/wp-content\/uploads\/2016\/05\/0c72d881-0389-476d-b133-0a98c13ed60b.jpg\" alt=\"0c72d881-0389-476d-b133-0a98c13ed60b\" width=\"591\" height=\"289\" srcset=\"https:\/\/radiowebmx.com\/nota\/wp-content\/uploads\/2016\/05\/0c72d881-0389-476d-b133-0a98c13ed60b.jpg 591w, https:\/\/radiowebmx.com\/nota\/wp-content\/uploads\/2016\/05\/0c72d881-0389-476d-b133-0a98c13ed60b-300x147.jpg 300w\" sizes=\"auto, (max-width: 591px) 100vw, 591px\" \/><\/a>El vocal ejecutivo del Centro Estatal para el Desarrollo Municipal (Cedemun), Carlos Alberto Paredes Correa, acudi\u00f3 a Arteaga para dar seguimiento y asesor\u00eda a las gestiones, proyectos y programas en favor de los habitantes de ese municipio.<\/p>\n<p>Al reunirse con el alcalde de Arteaga, Bernardo Zepeda Vallejo, Paredes Correa inform\u00f3 que por instrucciones del Gobernador del Estado, Silvano Aureoles Conejo, el Cedemun ha priorizado la atenci\u00f3n personalizada a los funcionarios municipales para\u00a0 que cuenten con los conocimientos y herramientas necesarias para fortalecer su desempe\u00f1o en la administraci\u00f3n p\u00fablica.<\/p>\n<p>Durante el encuentro se abordaron temas como la educaci\u00f3n, el servicio de agua potable, la pavimentaci\u00f3n de carreteras, caminos y drenajes. Paredes Correa y Zepeda Vallejo acordaron darle seguimiento a cada proyecto para que puedan ser ejecutados a la brevedad por el Ayuntamiento.<\/p>\n<p>El alcalde agradeci\u00f3 la atenci\u00f3n que ha recibido por parte de Paredes Correa y el personal del Cedemun; asimismo, reconoci\u00f3 el inter\u00e9s del Gobernador para apoyar e impulsar el desarrollo de los municipios en beneficio de las y los michoacanos.<\/p>\n","protected":false},"excerpt":{"rendered":"<p>El vocal ejecutivo del Centro Estatal para el Desarrollo Municipal (Cedemun), Carlos Alberto Paredes Correa, acudi\u00f3 a Arteaga para dar seguimiento y asesor\u00eda a las gestiones, proyectos y programas en favor de los habitantes de ese municipio.<\/p>\n","protected":false},"author":1,"featured_media":23657,"comment_status":"open","ping_status":"open","sticky":false,"template":"","format":"standard","meta":{"footnotes":""},"categories":[14,3],"tags":[],"class_list":["post-23656","post","type-post","status-publish","format-standard","has-post-thumbnail","hentry","category-destacadas","category-gobierno-del-estado-de-michoacan"],"_links":{"self":[{"href":"https:\/\/radiowebmx.com\/nota\/wp-json\/wp\/v2\/posts\/23656","targetHints":{"allow":["GET"]}}],"collection":[{"href":"https:\/\/radiowebmx.com\/nota\/wp-json\/wp\/v2\/posts"}],"about":[{"href":"https:\/\/radiowebmx.com\/nota\/wp-json\/wp\/v2\/types\/post"}],"author":[{"embeddable":true,"href":"https:\/\/radiowebmx.com\/nota\/wp-json\/wp\/v2\/users\/1"}],"replies":[{"embeddable":true,"href":"https:\/\/radiowebmx.com\/nota\/wp-json\/wp\/v2\/comments?post=23656"}],"version-history":[{"count":1,"href":"https:\/\/radiowebmx.com\/nota\/wp-json\/wp\/v2\/posts\/23656\/revisions"}],"predecessor-version":[{"id":23658,"href":"https:\/\/radiowebmx.com\/nota\/wp-json\/wp\/v2\/posts\/23656\/revisions\/23658"}],"wp:featuredmedia":[{"embeddable":true,"href":"https:\/\/radiowebmx.com\/nota\/wp-json\/wp\/v2\/media\/23657"}],"wp:attachment":[{"href":"https:\/\/radiowebmx.com\/nota\/wp-json\/wp\/v2\/media?parent=23656"}],"wp:term":[{"taxonomy":"category","embeddable":true,"href":"https:\/\/radiowebmx.com\/nota\/wp-json\/wp\/v2\/categories?post=23656"},{"taxonomy":"post_tag","embeddable":true,"href":"https:\/\/radiowebmx.com\/nota\/wp-json\/wp\/v2\/tags?post=23656"}],"curies":[{"name":"wp","href":"https:\/\/api.w.org\/{rel}","templated":true}]}}