{"id":23618,"date":"2016-05-23T12:18:21","date_gmt":"2016-05-23T17:18:21","guid":{"rendered":"https:\/\/radiowebmx.com\/nota\/?p=23618"},"modified":"2016-05-23T12:18:21","modified_gmt":"2016-05-23T17:18:21","slug":"consultores-politicos-ofrecen-taller-en-cde-del-pri","status":"publish","type":"post","link":"https:\/\/radiowebmx.com\/nota\/consultores-politicos-ofrecen-taller-en-cde-del-pri\/","title":{"rendered":"CONSULTORES POL\u00cdTICOS OFRECEN TALLER EN CDE DEL PRI"},"content":{"rendered":"<p class=\"x_MsoNormal\"><span lang=\"ES\"><a href=\"https:\/\/radiowebmx.com\/nota\/wp-content\/uploads\/2016\/05\/Taller-4.jpg\"><img loading=\"lazy\" decoding=\"async\" class=\"alignleft size-full wp-image-23619\" src=\"https:\/\/radiowebmx.com\/nota\/wp-content\/uploads\/2016\/05\/Taller-4.jpg\" alt=\"Taller 4\" width=\"591\" height=\"239\" srcset=\"https:\/\/radiowebmx.com\/nota\/wp-content\/uploads\/2016\/05\/Taller-4.jpg 591w, https:\/\/radiowebmx.com\/nota\/wp-content\/uploads\/2016\/05\/Taller-4-300x121.jpg 300w\" sizes=\"auto, (max-width: 591px) 100vw, 591px\" \/><\/a>Con la finalidad de aportar a la profesionalizaci\u00f3n del ejercicio pol\u00edtico de los integrantes del Comit\u00e9 Directivo Estatal del PRI, expertos en campa\u00f1as electorales, redes sociales y desarrollo de pol\u00edticas p\u00fablicas, compartieron sus experiencias en un Taller de Consultores Pol\u00edticos.<\/span><\/p>\n<p class=\"x_MsoNormal\"><span lang=\"ES\">\u00a0<\/span><\/p>\n<p class=\"x_MsoNormal\"><span lang=\"ES\">El evento se realiz\u00f3 en las oficinas del priismo estatal, en donde a nombre del Presidente, V\u00edctor Silva Tejeda, el Secretario de Organizaci\u00f3n, Antonio Guzm\u00e1n Casta\u00f1eda, afirm\u00f3 que el partido siempre busca la profesionalizaci\u00f3n de sus integrantes. Y exhort\u00f3 a los presentes a trabajar continuamente en la mejora del tricolor: &#8220;ya que siempre hemos demostrado que sabemos vencer las adversidades, salimos adelante, volvemos a ganar elecciones y contamos con un futuro promisorio&#8221;, dijo.<\/span><\/p>\n<p class=\"x_MsoNormal\"><span lang=\"ES\">\u00a0<\/span><\/p>\n<p class=\"x_MsoNormal\"><span lang=\"ES\">El consultor pol\u00edtico, y una de las cabezas de la campa\u00f1a del ex candidato independiente por Nuevo Le\u00f3n, el Bronco, Leonardo Gil asegur\u00f3 que durante los procesos electorales se debe realizar un \u00f3ptimo ejercicio de comunicaci\u00f3n terrestre, es decir con la ciudadan\u00eda, &#8220;el que comunica mejor tendr\u00e1 mayor \u00e9xito&#8221;. Y agreg\u00f3 que los candidatos, con sus propuestas, deben buscar resolver las necesidades primarias de los votantes.<\/span><\/p>\n<p class=\"x_MsoNormal\"><span lang=\"ES\">\u00a0<\/span><\/p>\n<p class=\"x_MsoNormal\"><span lang=\"ES\">Martha San Rom\u00e1n, experta en desarrollo de pol\u00edticas p\u00fablicas, puntualiz\u00f3 que la clave del \u00e9xito es gobernar con el ciudadano; &#8220;enfrentarse a la crisis compartiendo responsabilidades&#8221;. Y coment\u00f3 que desde el inicio de su administraci\u00f3n, los presidentes municipales, deben actualizar sus reglamentos y marcos jur\u00eddicos.<\/span><\/p>\n<p class=\"x_MsoNormal\"><span lang=\"ES\">\u00a0<\/span><\/p>\n<p class=\"x_MsoNormal\"><span lang=\"ES\">Durante su participaci\u00f3n, Jos\u00e9 Parcero L\u00f3pez, delegado general del comit\u00e9 del PRI en Guerrero, expuso que para ganar una campa\u00f1a pol\u00edtica es necesario construir comit\u00e9s territoriales en todo el estado o municipio. &#8220;Y se debe mejorar la comunicaci\u00f3n con la ciudadan\u00eda, ya que la falta de comunicaci\u00f3n es el principal problema de la pol\u00edtica en la actualidad&#8221;.<\/span><\/p>\n<p class=\"x_MsoNormal\"><span lang=\"ES\">\u00a0<\/span><\/p>\n<p class=\"x_MsoNormal\"><span lang=\"ES\">Por su parte, Carlos Guti\u00e9rrez, especialista en marketing pol\u00edtico y redes sociales, afirm\u00f3 que los funcionarios p\u00fablicos deben cambiar la manera de comunicar; trasladar la estrategia general de trabajo a lo digital.<\/span><\/p>\n<p class=\"x_MsoNormal\"><span lang=\"ES\">\u00a0<\/span><\/p>\n<p class=\"x_MsoNormal\"><span lang=\"ES\">Para finalizar, Humberto S\u00e1nchez Melena comparti\u00f3 su experiencia en campa\u00f1as electorales, y asegur\u00f3 que para obtener el triunfo, es necesario que los candidatos vayan puerta por puerta buscando el voto de los ciudadanos.<\/span><\/p>\n<p class=\"x_MsoNormal\"><span lang=\"ES\">\u00a0<\/span><\/p>\n<p class=\"x_MsoNormal\"><span lang=\"ES\">Al taller asistieron los secretarios del CDE: Nacho Banderas, Lupita Santacruz, Vanina Villegas y Berenice Ju\u00e1rez Chayres, as\u00ed como algunos presidentes municipales del Revolucionario Institucional.<\/span><\/p>\n","protected":false},"excerpt":{"rendered":"<p>Con la finalidad de aportar a la profesionalizaci\u00f3n del ejercicio pol\u00edtico de los integrantes del Comit\u00e9 Directivo Estatal del PRI, expertos en campa\u00f1as electorales, redes sociales y desarrollo de pol\u00edticas p\u00fablicas, compartieron sus experiencias en un Taller de Consultores Pol\u00edticos.<\/p>\n","protected":false},"author":1,"featured_media":23619,"comment_status":"open","ping_status":"open","sticky":false,"template":"","format":"standard","meta":{"footnotes":""},"categories":[14,11,12],"tags":[],"class_list":["post-23618","post","type-post","status-publish","format-standard","has-post-thumbnail","hentry","category-destacadas","category-partidos-politicos","category-pri"],"_links":{"self":[{"href":"https:\/\/radiowebmx.com\/nota\/wp-json\/wp\/v2\/posts\/23618","targetHints":{"allow":["GET"]}}],"collection":[{"href":"https:\/\/radiowebmx.com\/nota\/wp-json\/wp\/v2\/posts"}],"about":[{"href":"https:\/\/radiowebmx.com\/nota\/wp-json\/wp\/v2\/types\/post"}],"author":[{"embeddable":true,"href":"https:\/\/radiowebmx.com\/nota\/wp-json\/wp\/v2\/users\/1"}],"replies":[{"embeddable":true,"href":"https:\/\/radiowebmx.com\/nota\/wp-json\/wp\/v2\/comments?post=23618"}],"version-history":[{"count":1,"href":"https:\/\/radiowebmx.com\/nota\/wp-json\/wp\/v2\/posts\/23618\/revisions"}],"predecessor-version":[{"id":23620,"href":"https:\/\/radiowebmx.com\/nota\/wp-json\/wp\/v2\/posts\/23618\/revisions\/23620"}],"wp:featuredmedia":[{"embeddable":true,"href":"https:\/\/radiowebmx.com\/nota\/wp-json\/wp\/v2\/media\/23619"}],"wp:attachment":[{"href":"https:\/\/radiowebmx.com\/nota\/wp-json\/wp\/v2\/media?parent=23618"}],"wp:term":[{"taxonomy":"category","embeddable":true,"href":"https:\/\/radiowebmx.com\/nota\/wp-json\/wp\/v2\/categories?post=23618"},{"taxonomy":"post_tag","embeddable":true,"href":"https:\/\/radiowebmx.com\/nota\/wp-json\/wp\/v2\/tags?post=23618"}],"curies":[{"name":"wp","href":"https:\/\/api.w.org\/{rel}","templated":true}]}}