{"id":23615,"date":"2016-05-23T12:10:55","date_gmt":"2016-05-23T17:10:55","guid":{"rendered":"https:\/\/radiowebmx.com\/nota\/?p=23615"},"modified":"2016-05-23T12:10:55","modified_gmt":"2016-05-23T17:10:55","slug":"ayuntamiento-de-morelia-se-suma-a-iniciativa-de-transparencia-3de3","status":"publish","type":"post","link":"https:\/\/radiowebmx.com\/nota\/ayuntamiento-de-morelia-se-suma-a-iniciativa-de-transparencia-3de3\/","title":{"rendered":"Ayuntamiento de Morelia se suma a iniciativa de transparencia 3de3"},"content":{"rendered":"<p><a href=\"https:\/\/radiowebmx.com\/nota\/wp-content\/uploads\/2016\/05\/9cb5804f-11ea-447e-bc32-b611427bcbcb.jpg\"><img loading=\"lazy\" decoding=\"async\" class=\"alignleft size-full wp-image-23616\" src=\"https:\/\/radiowebmx.com\/nota\/wp-content\/uploads\/2016\/05\/9cb5804f-11ea-447e-bc32-b611427bcbcb.jpg\" alt=\"9cb5804f-11ea-447e-bc32-b611427bcbcb\" width=\"591\" height=\"393\" srcset=\"https:\/\/radiowebmx.com\/nota\/wp-content\/uploads\/2016\/05\/9cb5804f-11ea-447e-bc32-b611427bcbcb.jpg 591w, https:\/\/radiowebmx.com\/nota\/wp-content\/uploads\/2016\/05\/9cb5804f-11ea-447e-bc32-b611427bcbcb-300x199.jpg 300w\" sizes=\"auto, (max-width: 591px) 100vw, 591px\" \/><\/a>El Ayuntamiento de Morelia que encabeza el Alcalde, Alfonso Mart\u00ednez Alc\u00e1zar, contin\u00faa estableciendo mecanismos tendientes a la obligatoriedad en la rendici\u00f3n de cuentas de todos los funcionarios municipales, con lo cual, se mantiene a la vanguardia al consolidarse como una Administraci\u00f3n transparente.<\/p>\n<p>En este tenor, la Comisi\u00f3n de Gobernaci\u00f3n Trabajo, Seguridad P\u00fablica Protecci\u00f3n P\u00fablica del Cuerpo Colegiado, presentar\u00e1 un punto de acuerdo para la obligatoriedad de los servidores p\u00fablicos, para que den a conocer su declaraci\u00f3n de conflicto de intereses, como parte de la iniciativa 3de3.<\/p>\n<p>El punto de acuerdo que ser\u00e1 presentado por la referida Comisi\u00f3n, contiene la obligaci\u00f3n de presentar declaraciones de conflictos de inter\u00e9s, as\u00ed como declaraciones de ausencia de conflicto de inter\u00e9s, en particular, para aquellos servidores p\u00fablicos que participan en el Comit\u00e9 de Obra P\u00fablica, Adquisiciones, Enajenaciones, Arrendamientos y Contrataci\u00f3n de Servicios de Bienes Muebles e Inmuebles.<\/p>\n<p>Este ordenamiento establece mecanismos a trav\u00e9s de los cuales se pretende prevenir la existencia de conflicto de inter\u00e9s, definido \u00e9ste como un conflicto entre el deber p\u00fablico y los intereses privados (personales, familiares o de negocios), de un servidor p\u00fablico y de un particular, cuando \u00e9stos tienen, a t\u00edtulo particular, intereses que podr\u00edan influir indebidamente en el ejercicio de sus empleos, cargos o comisiones en el servicio p\u00fablico.<\/p>\n<p>Con este instrumento de transparencia, los servidores y funcionarios que tienen en sus manos la decisi\u00f3n de c\u00f3mo y con qui\u00e9n gastar recursos p\u00fablicos, estar\u00e1n regidos bajo la certeza de que no est\u00e1n teniendo un beneficio indebido o gener\u00e1ndose beneficios personales, familiares o de negocios.<\/p>\n<p>Cabe destacar que ser\u00e1 hasta que se materialicen las leyes secundarias referente a la reforma al Art\u00edculo 108 de la Constituci\u00f3n Pol\u00edtica de los Estados Unidos Mexicanos, que precisa que los servidores p\u00fablicos estar\u00e1n obligados a presentar, bajo protesta de decir verdad, su declaraci\u00f3n patrimonial y de intereses ante las autoridades competentes y en los t\u00e9rminos que determine la ley, que se implemente la figura referida.<\/p>\n<p>No obstante, el Ayuntamiento, en uso de su autonom\u00eda municipal, y sin pretender una contravenci\u00f3n a las disposiciones constitucionales, propone desde ahora la obligatoriedad para sus servidores p\u00fablicos en los mandos medios y superiores, realizar la declaraci\u00f3n, en la inteligencia de que una vez que entre en vigor la legislaci\u00f3n que regular\u00e1 esta figura, se realicen las adecuaciones y modificaciones pertinentes a la normatividad municipal.<\/p>\n<p>De esta forma, el Ayuntamiento se encuentra un paso adelante en temas de transparencia y ratifica su voluntad de trabajar abiertamente hacia la ciudadan\u00eda, consolid\u00e1ndose como una Administraci\u00f3n que rinde cuentas.<\/p>\n","protected":false},"excerpt":{"rendered":"<p>El Ayuntamiento de Morelia que encabeza el Alcalde, Alfonso Mart\u00ednez Alc\u00e1zar, contin\u00faa estableciendo mecanismos tendientes a la obligatoriedad en la rendici\u00f3n de cuentas de todos los funcionarios municipales, <\/p>\n","protected":false},"author":1,"featured_media":23616,"comment_status":"open","ping_status":"open","sticky":false,"template":"","format":"standard","meta":{"footnotes":""},"categories":[14,9],"tags":[],"class_list":["post-23615","post","type-post","status-publish","format-standard","has-post-thumbnail","hentry","category-destacadas","category-morelia"],"_links":{"self":[{"href":"https:\/\/radiowebmx.com\/nota\/wp-json\/wp\/v2\/posts\/23615","targetHints":{"allow":["GET"]}}],"collection":[{"href":"https:\/\/radiowebmx.com\/nota\/wp-json\/wp\/v2\/posts"}],"about":[{"href":"https:\/\/radiowebmx.com\/nota\/wp-json\/wp\/v2\/types\/post"}],"author":[{"embeddable":true,"href":"https:\/\/radiowebmx.com\/nota\/wp-json\/wp\/v2\/users\/1"}],"replies":[{"embeddable":true,"href":"https:\/\/radiowebmx.com\/nota\/wp-json\/wp\/v2\/comments?post=23615"}],"version-history":[{"count":1,"href":"https:\/\/radiowebmx.com\/nota\/wp-json\/wp\/v2\/posts\/23615\/revisions"}],"predecessor-version":[{"id":23617,"href":"https:\/\/radiowebmx.com\/nota\/wp-json\/wp\/v2\/posts\/23615\/revisions\/23617"}],"wp:featuredmedia":[{"embeddable":true,"href":"https:\/\/radiowebmx.com\/nota\/wp-json\/wp\/v2\/media\/23616"}],"wp:attachment":[{"href":"https:\/\/radiowebmx.com\/nota\/wp-json\/wp\/v2\/media?parent=23615"}],"wp:term":[{"taxonomy":"category","embeddable":true,"href":"https:\/\/radiowebmx.com\/nota\/wp-json\/wp\/v2\/categories?post=23615"},{"taxonomy":"post_tag","embeddable":true,"href":"https:\/\/radiowebmx.com\/nota\/wp-json\/wp\/v2\/tags?post=23615"}],"curies":[{"name":"wp","href":"https:\/\/api.w.org\/{rel}","templated":true}]}}