{"id":23612,"date":"2016-05-23T12:06:01","date_gmt":"2016-05-23T17:06:01","guid":{"rendered":"https:\/\/radiowebmx.com\/nota\/?p=23612"},"modified":"2016-05-23T12:06:01","modified_gmt":"2016-05-23T17:06:01","slug":"esta-noche-concierto-gratuito-de-los-angeles-azules-en-la-expo-fiesta-michoacan","status":"publish","type":"post","link":"https:\/\/radiowebmx.com\/nota\/esta-noche-concierto-gratuito-de-los-angeles-azules-en-la-expo-fiesta-michoacan\/","title":{"rendered":"Esta noche, concierto gratuito de Los \u00c1ngeles Azules en la Expo Fiesta Michoac\u00e1n"},"content":{"rendered":"<p><a href=\"https:\/\/radiowebmx.com\/nota\/wp-content\/uploads\/2016\/05\/d6e07246-66be-4312-b9ec-24381a15a884.jpg\"><img loading=\"lazy\" decoding=\"async\" class=\"alignleft size-full wp-image-23613\" src=\"https:\/\/radiowebmx.com\/nota\/wp-content\/uploads\/2016\/05\/d6e07246-66be-4312-b9ec-24381a15a884.jpg\" alt=\"d6e07246-66be-4312-b9ec-24381a15a884\" width=\"591\" height=\"351\" srcset=\"https:\/\/radiowebmx.com\/nota\/wp-content\/uploads\/2016\/05\/d6e07246-66be-4312-b9ec-24381a15a884.jpg 591w, https:\/\/radiowebmx.com\/nota\/wp-content\/uploads\/2016\/05\/d6e07246-66be-4312-b9ec-24381a15a884-300x178.jpg 300w\" sizes=\"auto, (max-width: 591px) 100vw, 591px\" \/><\/a>La Expo Fiesta Michoac\u00e1n llega a su fin con el concierto totalmente gratuito que Los \u00c1ngeles Azules ofrecer\u00e1n esta noche en el Teatro del Pueblo y la presentaci\u00f3n de Las Grandiosas (Mar\u00eda Conchita Alonso, Karina, Manoella Torres y Dulce) en el Centro de Espect\u00e1culos El Palenque.<\/p>\n<p>Cabe precisar que este domingo el costo de acceso al Recinto Ferial es de s\u00f3lo 30 pesos. Con su boleto, las y los asistentes podr\u00e1n ingresar al concierto de Los \u00c1ngeles Azules, disfrutar de las presentaciones en el Foro Cultural, as\u00ed como de los nuevos espect\u00e1culos.<\/p>\n<p>Adem\u00e1s, ingresan gratis las ni\u00f1as y los ni\u00f1os de hasta un metro de estatura, las y los adultos mayores con credencial del INAPAM, y las personas con discapacidad.<\/p>\n<p>Los nuevos espect\u00e1culos especiales de fin de semana son el Rodeo Americano, el Concurso de Caballos Bailadores y las Suertes Charras.<\/p>\n<p>Hoy tambi\u00e9n est\u00e1n disponibles el resto de los nuevos espect\u00e1culos, como la Mansi\u00f3n del Terror, el Nuevo Circo Michoacano con Evvo El Espect\u00e1culo, el Rodeo Infantil, el Fantastik Circus, la Granja Tem\u00e1tica, el Espect\u00e1culo Ecuestre y el Show Medieval.<\/p>\n<p>A partir de las 18:00 horas en el Foro Cultural se presentar\u00e1n la Banda 466, Silvia Negrete y la Sonora Guayanguera.<\/p>\n<p>Las y los asistentes a la\u00a0Expo\u00a0Fiesta\u00a0Michoac\u00e1n tambi\u00e9n podr\u00e1n recorrer la Expo Ganadera y los pabellones con que cuenta el m\u00e1ximo escaparate de las vocaciones productivas y las expresiones art\u00edsticas y culturales de la entidad.<\/p>\n","protected":false},"excerpt":{"rendered":"<p>La Expo Fiesta Michoac\u00e1n llega a su fin con el concierto totalmente gratuito que Los \u00c1ngeles Azules ofrecer\u00e1n esta noche en el Teatro del Pueblo y la presentaci\u00f3n de Las Grandiosas en el Centro de Espect\u00e1culos El Palenque.<\/p>\n","protected":false},"author":1,"featured_media":23613,"comment_status":"open","ping_status":"open","sticky":false,"template":"","format":"standard","meta":{"footnotes":""},"categories":[14,3],"tags":[],"class_list":["post-23612","post","type-post","status-publish","format-standard","has-post-thumbnail","hentry","category-destacadas","category-gobierno-del-estado-de-michoacan"],"_links":{"self":[{"href":"https:\/\/radiowebmx.com\/nota\/wp-json\/wp\/v2\/posts\/23612","targetHints":{"allow":["GET"]}}],"collection":[{"href":"https:\/\/radiowebmx.com\/nota\/wp-json\/wp\/v2\/posts"}],"about":[{"href":"https:\/\/radiowebmx.com\/nota\/wp-json\/wp\/v2\/types\/post"}],"author":[{"embeddable":true,"href":"https:\/\/radiowebmx.com\/nota\/wp-json\/wp\/v2\/users\/1"}],"replies":[{"embeddable":true,"href":"https:\/\/radiowebmx.com\/nota\/wp-json\/wp\/v2\/comments?post=23612"}],"version-history":[{"count":1,"href":"https:\/\/radiowebmx.com\/nota\/wp-json\/wp\/v2\/posts\/23612\/revisions"}],"predecessor-version":[{"id":23614,"href":"https:\/\/radiowebmx.com\/nota\/wp-json\/wp\/v2\/posts\/23612\/revisions\/23614"}],"wp:featuredmedia":[{"embeddable":true,"href":"https:\/\/radiowebmx.com\/nota\/wp-json\/wp\/v2\/media\/23613"}],"wp:attachment":[{"href":"https:\/\/radiowebmx.com\/nota\/wp-json\/wp\/v2\/media?parent=23612"}],"wp:term":[{"taxonomy":"category","embeddable":true,"href":"https:\/\/radiowebmx.com\/nota\/wp-json\/wp\/v2\/categories?post=23612"},{"taxonomy":"post_tag","embeddable":true,"href":"https:\/\/radiowebmx.com\/nota\/wp-json\/wp\/v2\/tags?post=23612"}],"curies":[{"name":"wp","href":"https:\/\/api.w.org\/{rel}","templated":true}]}}