{"id":23609,"date":"2016-05-23T12:03:10","date_gmt":"2016-05-23T17:03:10","guid":{"rendered":"https:\/\/radiowebmx.com\/nota\/?p=23609"},"modified":"2016-05-23T12:03:10","modified_gmt":"2016-05-23T17:03:10","slug":"el-seguro-facultativo-del-imss-ya-beneficia-a-alumnos-de-la-univim","status":"publish","type":"post","link":"https:\/\/radiowebmx.com\/nota\/el-seguro-facultativo-del-imss-ya-beneficia-a-alumnos-de-la-univim\/","title":{"rendered":"El seguro facultativo del IMSS ya beneficia a alumnos de la Univim"},"content":{"rendered":"<p><a href=\"https:\/\/radiowebmx.com\/nota\/wp-content\/uploads\/2016\/05\/471629cb-bbd4-418c-93a6-58c8cc9c9866.jpg\"><img loading=\"lazy\" decoding=\"async\" class=\"alignleft size-full wp-image-23610\" src=\"https:\/\/radiowebmx.com\/nota\/wp-content\/uploads\/2016\/05\/471629cb-bbd4-418c-93a6-58c8cc9c9866.jpg\" alt=\"471629cb-bbd4-418c-93a6-58c8cc9c9866\" width=\"591\" height=\"322\" srcset=\"https:\/\/radiowebmx.com\/nota\/wp-content\/uploads\/2016\/05\/471629cb-bbd4-418c-93a6-58c8cc9c9866.jpg 591w, https:\/\/radiowebmx.com\/nota\/wp-content\/uploads\/2016\/05\/471629cb-bbd4-418c-93a6-58c8cc9c9866-300x163.jpg 300w\" sizes=\"auto, (max-width: 591px) 100vw, 591px\" \/><\/a>La Universidad Virtual del Estado de Michoac\u00e1n (Univim) cuenta ya con 30 alumnos beneficiados con el seguro facultativo que otorga el Instituto Mexicano del Seguro Social (IMSS), inform\u00f3 la rectora Silvia Mendoza Valenzuela, quien invit\u00f3 a las y los que a\u00fan no cuenten con este servicio m\u00e9dico gratuito a hacer el tr\u00e1mite correspondiente.<\/p>\n<p>Cabe recordar que el Gobernador de Michoac\u00e1n, Silvano Aureoles Conejo, y el secretario de Desarrollo Social, Jos\u00e9 Antonio Meade Kuribre\u00f1a, pusieron en marcha el programa de afiliaci\u00f3n de estudiantes al IMSS, cuyo objetivo es otorgar seguridad social a 244 mil j\u00f3venes michoacanos.<\/p>\n<p>Actualmente, la Univim tiene alumnos que est\u00e1n asegurados por parte del IMSS, no s\u00f3lo de Michoac\u00e1n, sino tambi\u00e9n de la Ciudad de M\u00e9xico, Tamaulipas, Nayarit y Yucat\u00e1n.<\/p>\n<p>Cabe destacar que el seguro facultativo es un servicio m\u00e9dico que se proporciona a todos los estudiantes que cursan estudios de nivel medio superior, superior y de postgrado en cualquier instituci\u00f3n p\u00fablica del pa\u00eds, incluyendo las universidades que brindan educaci\u00f3n en l\u00ednea como la Univim.<\/p>\n<p>Atenci\u00f3n m\u00e9dica gratuita, medicinas, hospitalizaci\u00f3n, cirug\u00eda en caso de enfermedad y servicios de maternidad, son algunos de los servicios gratuitos que obtienen los alumnos, por lo que es de suma importancia que lo tramiten.<\/p>\n<p>De igual manera, indic\u00f3 la rectora, estar asegurado es uno de los requisitos necesarios para realizar tr\u00e1mites extracurriculares, como servicio social, pr\u00e1cticas profesionales, proyectos estudiantiles, actividades deportivas y visitas de campo, entre otros.<\/p>\n<p>Mendoza Valenzuela celebr\u00f3 que los estudiantes a distancia puedan contar con este servicio, ya que anteriormente no pod\u00edan acceder al seguro facultativo. Record\u00f3 que mediante el Oficio 72 del 16 de octubre de 2015 del reglamento del IMSS, se incorporan las instituciones p\u00fablicas de los niveles medio superior, superior y de posgrados, incluidas las que brindan estudios a distancia o virtual.<\/p>\n<p>Por \u00faltimo, la rectora invit\u00f3 a los estudiantes de la Univim a tramitar su seguridad social sin costo alguno en las p\u00e1ginas de Internet www.univim.edu.mx o www.imss.gob.mx<\/p>\n","protected":false},"excerpt":{"rendered":"<p>La Univim cuenta ya con 30 alumnos beneficiados con el seguro facultativo que otorga el IMSS, inform\u00f3 la rectora Silvia Mendoza Valenzuela, quien invit\u00f3 a las y los que a\u00fan no cuenten con este servicio m\u00e9dico gratuito a hacer el tr\u00e1mite correspondiente.<\/p>\n","protected":false},"author":1,"featured_media":23610,"comment_status":"open","ping_status":"open","sticky":false,"template":"","format":"standard","meta":{"footnotes":""},"categories":[14,3],"tags":[],"class_list":["post-23609","post","type-post","status-publish","format-standard","has-post-thumbnail","hentry","category-destacadas","category-gobierno-del-estado-de-michoacan"],"_links":{"self":[{"href":"https:\/\/radiowebmx.com\/nota\/wp-json\/wp\/v2\/posts\/23609","targetHints":{"allow":["GET"]}}],"collection":[{"href":"https:\/\/radiowebmx.com\/nota\/wp-json\/wp\/v2\/posts"}],"about":[{"href":"https:\/\/radiowebmx.com\/nota\/wp-json\/wp\/v2\/types\/post"}],"author":[{"embeddable":true,"href":"https:\/\/radiowebmx.com\/nota\/wp-json\/wp\/v2\/users\/1"}],"replies":[{"embeddable":true,"href":"https:\/\/radiowebmx.com\/nota\/wp-json\/wp\/v2\/comments?post=23609"}],"version-history":[{"count":1,"href":"https:\/\/radiowebmx.com\/nota\/wp-json\/wp\/v2\/posts\/23609\/revisions"}],"predecessor-version":[{"id":23611,"href":"https:\/\/radiowebmx.com\/nota\/wp-json\/wp\/v2\/posts\/23609\/revisions\/23611"}],"wp:featuredmedia":[{"embeddable":true,"href":"https:\/\/radiowebmx.com\/nota\/wp-json\/wp\/v2\/media\/23610"}],"wp:attachment":[{"href":"https:\/\/radiowebmx.com\/nota\/wp-json\/wp\/v2\/media?parent=23609"}],"wp:term":[{"taxonomy":"category","embeddable":true,"href":"https:\/\/radiowebmx.com\/nota\/wp-json\/wp\/v2\/categories?post=23609"},{"taxonomy":"post_tag","embeddable":true,"href":"https:\/\/radiowebmx.com\/nota\/wp-json\/wp\/v2\/tags?post=23609"}],"curies":[{"name":"wp","href":"https:\/\/api.w.org\/{rel}","templated":true}]}}