{"id":23591,"date":"2016-05-20T17:46:05","date_gmt":"2016-05-20T22:46:05","guid":{"rendered":"https:\/\/radiowebmx.com\/nota\/?p=23591"},"modified":"2016-05-20T17:46:05","modified_gmt":"2016-05-20T22:46:05","slug":"celebra-cobaem-la-aplicacion-de-la-evaluacion-docente-extraordinaria-en-michoacan","status":"publish","type":"post","link":"https:\/\/radiowebmx.com\/nota\/celebra-cobaem-la-aplicacion-de-la-evaluacion-docente-extraordinaria-en-michoacan\/","title":{"rendered":"Celebra Cobaem la aplicaci\u00f3n de la Evaluaci\u00f3n Docente Extraordinaria en Michoac\u00e1n"},"content":{"rendered":"<p><a href=\"https:\/\/radiowebmx.com\/nota\/wp-content\/uploads\/2016\/05\/d5c6dcf0-db95-4935-8be5-bd63d85d3ee0.jpg\"><img loading=\"lazy\" decoding=\"async\" class=\"alignleft size-full wp-image-23592\" src=\"https:\/\/radiowebmx.com\/nota\/wp-content\/uploads\/2016\/05\/d5c6dcf0-db95-4935-8be5-bd63d85d3ee0.jpg\" alt=\"d5c6dcf0-db95-4935-8be5-bd63d85d3ee0\" width=\"591\" height=\"366\" srcset=\"https:\/\/radiowebmx.com\/nota\/wp-content\/uploads\/2016\/05\/d5c6dcf0-db95-4935-8be5-bd63d85d3ee0.jpg 591w, https:\/\/radiowebmx.com\/nota\/wp-content\/uploads\/2016\/05\/d5c6dcf0-db95-4935-8be5-bd63d85d3ee0-300x186.jpg 300w\" sizes=\"auto, (max-width: 591px) 100vw, 591px\" \/><\/a>El director general del Colegio de Bachilleres del Estado de Michoac\u00e1n (Cobaem), Alejandro Bustos Aguilar, celebr\u00f3 la aplicaci\u00f3n la Evaluaci\u00f3n Docente Extraordinaria en la entidad y resalt\u00f3 que con esto se retoma el camino de la institucionalidad y la legalidad en el sector educativo.<\/p>\n<p>Esto, destac\u00f3, Alejando Bustos sin duda alguna traer\u00e1 grandes beneficios para el estado, pues se fortalecer\u00e1 la educaci\u00f3n que reciben las ni\u00f1as, ni\u00f1os y j\u00f3venes de la entidad.<\/p>\n<p>Bustos Aguilar reconoci\u00f3 y felicit\u00f3 a los profesores de Michoac\u00e1n, especialmente a los docentes del Cobaem, que cumplieron con su responsabilidad e hicieron caso omiso a intereses gremiales anteponiendo el deber superior de ofrecer educaci\u00f3n de calidad.<\/p>\n<p>Adem\u00e1s, recalc\u00f3 que para el Cobaem y para el Gobierno del Estado es importante hacerles saber a los profesores que cuentan con su respaldo para fortalecer sus capacidades y herramientas pedag\u00f3gicas.<\/p>\n","protected":false},"excerpt":{"rendered":"<p>El director general del Cobaem, Alejandro Bustos Aguilar, celebr\u00f3 la aplicaci\u00f3n la Evaluaci\u00f3n Docente Extraordinaria en la entidad y resalt\u00f3 que con esto se retoma el camino de la institucionalidad y la legalidad en el sector educativo.<\/p>\n","protected":false},"author":1,"featured_media":23592,"comment_status":"open","ping_status":"open","sticky":false,"template":"","format":"standard","meta":{"footnotes":""},"categories":[14,3],"tags":[],"class_list":["post-23591","post","type-post","status-publish","format-standard","has-post-thumbnail","hentry","category-destacadas","category-gobierno-del-estado-de-michoacan"],"_links":{"self":[{"href":"https:\/\/radiowebmx.com\/nota\/wp-json\/wp\/v2\/posts\/23591","targetHints":{"allow":["GET"]}}],"collection":[{"href":"https:\/\/radiowebmx.com\/nota\/wp-json\/wp\/v2\/posts"}],"about":[{"href":"https:\/\/radiowebmx.com\/nota\/wp-json\/wp\/v2\/types\/post"}],"author":[{"embeddable":true,"href":"https:\/\/radiowebmx.com\/nota\/wp-json\/wp\/v2\/users\/1"}],"replies":[{"embeddable":true,"href":"https:\/\/radiowebmx.com\/nota\/wp-json\/wp\/v2\/comments?post=23591"}],"version-history":[{"count":1,"href":"https:\/\/radiowebmx.com\/nota\/wp-json\/wp\/v2\/posts\/23591\/revisions"}],"predecessor-version":[{"id":23593,"href":"https:\/\/radiowebmx.com\/nota\/wp-json\/wp\/v2\/posts\/23591\/revisions\/23593"}],"wp:featuredmedia":[{"embeddable":true,"href":"https:\/\/radiowebmx.com\/nota\/wp-json\/wp\/v2\/media\/23592"}],"wp:attachment":[{"href":"https:\/\/radiowebmx.com\/nota\/wp-json\/wp\/v2\/media?parent=23591"}],"wp:term":[{"taxonomy":"category","embeddable":true,"href":"https:\/\/radiowebmx.com\/nota\/wp-json\/wp\/v2\/categories?post=23591"},{"taxonomy":"post_tag","embeddable":true,"href":"https:\/\/radiowebmx.com\/nota\/wp-json\/wp\/v2\/tags?post=23591"}],"curies":[{"name":"wp","href":"https:\/\/api.w.org\/{rel}","templated":true}]}}