{"id":23569,"date":"2016-05-20T17:28:37","date_gmt":"2016-05-20T22:28:37","guid":{"rendered":"https:\/\/radiowebmx.com\/nota\/?p=23569"},"modified":"2016-05-20T17:32:09","modified_gmt":"2016-05-20T22:32:09","slug":"comparte-silvano-aureoles-avance-del-pladiem-2015-2021-con-diputados-michoacanos","status":"publish","type":"post","link":"https:\/\/radiowebmx.com\/nota\/comparte-silvano-aureoles-avance-del-pladiem-2015-2021-con-diputados-michoacanos\/","title":{"rendered":"Comparte Silvano Aureoles avance del Pladiem 2015-2021 con diputados michoacanos"},"content":{"rendered":"<p><a href=\"https:\/\/radiowebmx.com\/nota\/wp-content\/uploads\/2016\/05\/59524886-642c-44d5-aa26-915fd1f3d282.jpg\"><img loading=\"lazy\" decoding=\"async\" class=\"alignleft size-full wp-image-23574\" src=\"https:\/\/radiowebmx.com\/nota\/wp-content\/uploads\/2016\/05\/59524886-642c-44d5-aa26-915fd1f3d282.jpg\" alt=\"59524886-642c-44d5-aa26-915fd1f3d282\" width=\"591\" height=\"263\" srcset=\"https:\/\/radiowebmx.com\/nota\/wp-content\/uploads\/2016\/05\/59524886-642c-44d5-aa26-915fd1f3d282.jpg 591w, https:\/\/radiowebmx.com\/nota\/wp-content\/uploads\/2016\/05\/59524886-642c-44d5-aa26-915fd1f3d282-300x134.jpg 300w\" sizes=\"auto, (max-width: 591px) 100vw, 591px\" \/><\/a>En un encuentro cordial, de colaboraci\u00f3n y respeto institucional, el Gobernador de Michoac\u00e1n, Silvano Aureoles Conejo comparti\u00f3 con los diputados de la 72 Legislatura los avances del Plan de Desarrollo Integral del Estado de Michoac\u00e1n de Ocampo (Pladiem), para el per\u00edodo 2015-2021.<\/p>\n<p>Ante los legisladores de los diversos grupos parlamentarios en el Congreso local, el mandatario estatal precis\u00f3 la importancia de que los diputados conozcan y participen con sus opiniones y propuestas en el documento que regir\u00e1 el desarrollo y progreso del estado durante los pr\u00f3ximos a\u00f1os.<\/p>\n<p>Resalt\u00f3 que el Pladiem contempla importantes temas transversales como finanzas sanas, educaci\u00f3n de calidad, seguridad p\u00fablica, desarrollo econ\u00f3mico y desarrollo social, motivo por el que destac\u00f3 la importancia del acompa\u00f1amiento del Poder Legislativo, para que en un trabajo de corresponsabilidad se logre mejorar la realidad del estado.<\/p>\n<p>Despu\u00e9s de que el coordinador de Planeaci\u00f3n y Gabinete, V\u00edctor Lichtinger Waisman, present\u00f3 los objetivos y temas que contiene el Pladiem y que se elabor\u00f3 con los resultados de los 10 foros regionales de consulta y dos en Estados Unidos, los diputados expusieron su disposici\u00f3n y voluntad para aportar propuestas que permitan que Michoac\u00e1n logre abatir sus rezagos en favor de la poblaci\u00f3n.<\/p>\n<p>Fueron los diputados, Raymundo Arreola Ortega, presidente de la Mesa Directiva del Congreso, los coordinadores parlamentarios del PRI, PAN y PRD, Adriana Hern\u00e1ndez \u00cd\u00f1iguez, Carlos Quintana Mart\u00ednez y Pascual Sigala P\u00e1ez hicieron uso de la palabra para reconocer la cortes\u00eda del Gobernador al permitirles conocer la informaci\u00f3n para atender los temas prioritarios de la entidad.<\/p>\n<p>De igual manera, los diputados Wilfrido L\u00e1zaro Medina, Eloisa Berber, Juan Pablo Puebla Ar\u00e9valo, Roberto Maldonado Hinojosa y Socorro Quintana Le\u00f3n, expusieron temas espec\u00edficos que consideraron debe incluir el documento, as\u00ed como la necesidad de medir los resultados de los programas sectoriales, regionales y especiales que contempla el Pladiem 2015-2021.<\/p>\n","protected":false},"excerpt":{"rendered":"<p>En un encuentro cordial, de colaboraci\u00f3n y respeto institucional, el Gobernador de Michoac\u00e1n, Silvano Aureoles Conejo comparti\u00f3 con los diputados de la 72 Legislatura los avances del Pladiem, para el per\u00edodo 2015-2021<\/p>\n","protected":false},"author":1,"featured_media":23574,"comment_status":"open","ping_status":"open","sticky":false,"template":"","format":"standard","meta":{"footnotes":""},"categories":[14,3],"tags":[],"class_list":["post-23569","post","type-post","status-publish","format-standard","has-post-thumbnail","hentry","category-destacadas","category-gobierno-del-estado-de-michoacan"],"_links":{"self":[{"href":"https:\/\/radiowebmx.com\/nota\/wp-json\/wp\/v2\/posts\/23569","targetHints":{"allow":["GET"]}}],"collection":[{"href":"https:\/\/radiowebmx.com\/nota\/wp-json\/wp\/v2\/posts"}],"about":[{"href":"https:\/\/radiowebmx.com\/nota\/wp-json\/wp\/v2\/types\/post"}],"author":[{"embeddable":true,"href":"https:\/\/radiowebmx.com\/nota\/wp-json\/wp\/v2\/users\/1"}],"replies":[{"embeddable":true,"href":"https:\/\/radiowebmx.com\/nota\/wp-json\/wp\/v2\/comments?post=23569"}],"version-history":[{"count":3,"href":"https:\/\/radiowebmx.com\/nota\/wp-json\/wp\/v2\/posts\/23569\/revisions"}],"predecessor-version":[{"id":23575,"href":"https:\/\/radiowebmx.com\/nota\/wp-json\/wp\/v2\/posts\/23569\/revisions\/23575"}],"wp:featuredmedia":[{"embeddable":true,"href":"https:\/\/radiowebmx.com\/nota\/wp-json\/wp\/v2\/media\/23574"}],"wp:attachment":[{"href":"https:\/\/radiowebmx.com\/nota\/wp-json\/wp\/v2\/media?parent=23569"}],"wp:term":[{"taxonomy":"category","embeddable":true,"href":"https:\/\/radiowebmx.com\/nota\/wp-json\/wp\/v2\/categories?post=23569"},{"taxonomy":"post_tag","embeddable":true,"href":"https:\/\/radiowebmx.com\/nota\/wp-json\/wp\/v2\/tags?post=23569"}],"curies":[{"name":"wp","href":"https:\/\/api.w.org\/{rel}","templated":true}]}}