{"id":23525,"date":"2016-05-19T12:15:43","date_gmt":"2016-05-19T17:15:43","guid":{"rendered":"https:\/\/radiowebmx.com\/nota\/?p=23525"},"modified":"2016-05-19T12:15:43","modified_gmt":"2016-05-19T17:15:43","slug":"diputados-federales-del-pri-a-favor-del-sistema-anticorrupcion-victor-silva-tejeda","status":"publish","type":"post","link":"https:\/\/radiowebmx.com\/nota\/diputados-federales-del-pri-a-favor-del-sistema-anticorrupcion-victor-silva-tejeda\/","title":{"rendered":"DIPUTADOS FEDERALES DEL PRI A FAVOR DEL SISTEMA ANTICORRUPCI\u00d3N: V\u00cdCTOR SILVA TEJEDA"},"content":{"rendered":"<p class=\"x_MsoNormal\"><span lang=\"ES-MX\">El Grupo Parlamentario del PRI mantiene el compromiso de unir esfuerzos y voluntades con las diferentes fuerzas pol\u00edticas y con la sociedad para fortalecer y complementar la integralidad del naciente Sistema Nacional Anticorrupci\u00f3n, ratific\u00f3 V\u00edctor Silva Tejeda, diputado federal y presidente de la Subcomisi\u00f3n de Seguimiento a Pol\u00edticas P\u00fablicas en San L\u00e1zaro, durante la entrega de conclusiones y recomendaciones del An\u00e1lisis del Informe de la Cuenta P\u00fablica 2014.<\/span><\/p>\n<p class=\"x_MsoNormal\"><span lang=\"ES-MX\">En reuni\u00f3n de la Comisi\u00f3n de Vigilancia de la Auditor\u00eda Superior de la Federaci\u00f3n del Congreso de la Uni\u00f3n, el michoacano ratific\u00f3 el compromiso de consolidar a la Auditor\u00eda como un elemento clave dentro del Sistema Nacional Anticorrupci\u00f3n.<\/span><\/p>\n<p class=\"x_MsoNormal\"><span lang=\"ES-MX\">Silva Tejeda afirm\u00f3 que la bancada del PRI avanza con paso firme en los temas prioritarios de la agenda legislativa, hacia la transformaci\u00f3n y el mejoramiento responsable del sistema jur\u00eddico e institucional, con miras a fortalecer el Estado de Derecho y generar la confianza que exige la ciudadan\u00eda a los poderes p\u00fablicos.<\/span><\/p>\n<p class=\"x_MsoNormal\"><span lang=\"ES-MX\">El tambi\u00e9n coordinador de los diputados federales del PRI por Michoac\u00e1n asegur\u00f3 que el nuevo andamiaje legal permitir\u00e1 cumplir con las tareas de la fiscalizaci\u00f3n superior, yendo m\u00e1s all\u00e1 de la simple detecci\u00f3n de irregularidades administrativas o de la emisi\u00f3n de recomendaciones al desempe\u00f1o a la Administraci\u00f3n P\u00fablica.<\/span><\/p>\n<p class=\"x_MsoNormal\"><span lang=\"ES-MX\">En presencia de Juan Manuel Portal Mart\u00ednez, auditor superior de la Federaci\u00f3n, Silva Tejeda plante\u00f3 una agenda de acciones, sugerencias, estudios y \u00e1reas de oportunidad legislativa para en conjunto seguir contribuyendo al perfeccionamiento del marco jur\u00eddico de la fiscalizaci\u00f3n superior, y de esta manera garantizar la eficiencia y trasparencia en el uso de los recursos p\u00fablicos.<\/span><\/p>\n<p class=\"x_MsoNormal\"><span lang=\"ES-MX\">\u201cEste es un reto de todos. Por ello, por encima de colores pol\u00edticos, tenemos la responsabilidad de fortalecer cada vez m\u00e1s la funci\u00f3n fiscalizadora de la C\u00e1mara de Diputados\u201d, confirm\u00f3.<\/span><\/p>\n<p class=\"x_MsoNormal\"><span lang=\"ES-MX\">Y agreg\u00f3 que al sumar esfuerzos en el an\u00e1lisis del Informe de Resultados de la Fiscalizaci\u00f3n de la Cuenta P\u00fablica 2014, los legisladores cuentan con una herramienta fundamental para ejercer la funci\u00f3n fiscalizadora y un insumo para fortalecer la trasparencia, rendici\u00f3n de cuentas y combate a la corrupci\u00f3n.<\/span><\/p>\n","protected":false},"excerpt":{"rendered":"<p>El Grupo Parlamentario del PRI mantiene el compromiso de unir esfuerzos y voluntades con las diferentes fuerzas pol\u00edticas y con la sociedad para fortalecer y complementar la integralidad del naciente Sistema Nacional Anticorrupci\u00f3n, ratific\u00f3 V\u00edctor Silva Tejeda, <\/p>\n","protected":false},"author":1,"featured_media":0,"comment_status":"open","ping_status":"open","sticky":false,"template":"","format":"standard","meta":{"footnotes":""},"categories":[11,12],"tags":[],"class_list":["post-23525","post","type-post","status-publish","format-standard","hentry","category-partidos-politicos","category-pri"],"_links":{"self":[{"href":"https:\/\/radiowebmx.com\/nota\/wp-json\/wp\/v2\/posts\/23525","targetHints":{"allow":["GET"]}}],"collection":[{"href":"https:\/\/radiowebmx.com\/nota\/wp-json\/wp\/v2\/posts"}],"about":[{"href":"https:\/\/radiowebmx.com\/nota\/wp-json\/wp\/v2\/types\/post"}],"author":[{"embeddable":true,"href":"https:\/\/radiowebmx.com\/nota\/wp-json\/wp\/v2\/users\/1"}],"replies":[{"embeddable":true,"href":"https:\/\/radiowebmx.com\/nota\/wp-json\/wp\/v2\/comments?post=23525"}],"version-history":[{"count":1,"href":"https:\/\/radiowebmx.com\/nota\/wp-json\/wp\/v2\/posts\/23525\/revisions"}],"predecessor-version":[{"id":23526,"href":"https:\/\/radiowebmx.com\/nota\/wp-json\/wp\/v2\/posts\/23525\/revisions\/23526"}],"wp:attachment":[{"href":"https:\/\/radiowebmx.com\/nota\/wp-json\/wp\/v2\/media?parent=23525"}],"wp:term":[{"taxonomy":"category","embeddable":true,"href":"https:\/\/radiowebmx.com\/nota\/wp-json\/wp\/v2\/categories?post=23525"},{"taxonomy":"post_tag","embeddable":true,"href":"https:\/\/radiowebmx.com\/nota\/wp-json\/wp\/v2\/tags?post=23525"}],"curies":[{"name":"wp","href":"https:\/\/api.w.org\/{rel}","templated":true}]}}