{"id":23507,"date":"2016-05-19T11:29:15","date_gmt":"2016-05-19T16:29:15","guid":{"rendered":"https:\/\/radiowebmx.com\/nota\/?p=23507"},"modified":"2016-05-19T11:29:15","modified_gmt":"2016-05-19T16:29:15","slug":"el-gobierno-de-michoacan-apoya-a-las-personas-con-discapacidad-auditiva","status":"publish","type":"post","link":"https:\/\/radiowebmx.com\/nota\/el-gobierno-de-michoacan-apoya-a-las-personas-con-discapacidad-auditiva\/","title":{"rendered":"El Gobierno de Michoac\u00e1n apoya a las personas con discapacidad auditiva"},"content":{"rendered":"<p><a href=\"https:\/\/radiowebmx.com\/nota\/wp-content\/uploads\/2016\/05\/e04dd8f9-f63c-4d1c-af6c-ba6ea3217801.jpg\"><img loading=\"lazy\" decoding=\"async\" class=\"alignleft size-full wp-image-23508\" src=\"https:\/\/radiowebmx.com\/nota\/wp-content\/uploads\/2016\/05\/e04dd8f9-f63c-4d1c-af6c-ba6ea3217801.jpg\" alt=\"e04dd8f9-f63c-4d1c-af6c-ba6ea3217801\" width=\"591\" height=\"344\" srcset=\"https:\/\/radiowebmx.com\/nota\/wp-content\/uploads\/2016\/05\/e04dd8f9-f63c-4d1c-af6c-ba6ea3217801.jpg 591w, https:\/\/radiowebmx.com\/nota\/wp-content\/uploads\/2016\/05\/e04dd8f9-f63c-4d1c-af6c-ba6ea3217801-300x175.jpg 300w\" sizes=\"auto, (max-width: 591px) 100vw, 591px\" \/><\/a>La Coordinaci\u00f3n de Atenci\u00f3n Ciudadana del Gobierno del Estado firm\u00f3 un convenio de colaboraci\u00f3n con la Fundaci\u00f3n MVS Radio para poner en marcha el programa Ponte Oreja, mediante el cual se entregar\u00e1n aparatos auditivos a michoacanas y michoacanos de escasos recursos con discapacidad auditiva.<\/p>\n<p>El convenio se materializ\u00f3 este mi\u00e9rcoles con la entrega de los primeros aparatos a 300 habitantes de 20 municipios de la entidad, en una Jornada de Salud Auditiva celebrada en Casa de Gobierno que encabezaron la directora general del Sistema DIF Michoac\u00e1n, Roc\u00edo Beamonte Romero, quien asisti\u00f3 con la representaci\u00f3n del Gobernador del Estado, Silvano Aureoles Conejo; la titular de la Coordinaci\u00f3n de Atenci\u00f3n Ciudadana, Lucero Mart\u00ednez Trevi\u00f1o; y el director de Fundaci\u00f3n MVS Radio, Jorge V\u00e1zquez.<\/p>\n<p>Ante cientos de beneficiarios e integrantes del Gabinete social de la administraci\u00f3n estatal, Beamonte Romero refrend\u00f3 el compromiso del mandatario michoacano de atender a todos los grupos vulnerables, y destac\u00f3 que las personas con\u00a0discapacidad\u00a0tienen el derecho de acceder a tecnolog\u00edas eficaces, diagn\u00f3sticos y tratamientos m\u00e9dicos sin distinci\u00f3n de ning\u00fan tipo.<\/p>\n<p>En este tenor, subray\u00f3 que el trabajo coordinado entre gobierno y sociedad civil da resultados y es fundamental para la transformaci\u00f3n del entorno social.<\/p>\n<p>Por su parte, Lucero Mart\u00ednez Trevi\u00f1o resalt\u00f3 que con la firma de este convenio \u201clograremos mejores condiciones de vida para las y los michoacanos con problemas de audici\u00f3n, desde ni\u00f1os reci\u00e9n nacidos hasta adultos mayores\u201d.<\/p>\n<p>La titular de la Coordinaci\u00f3n de Atenci\u00f3n Ciudadana detall\u00f3 que los beneficiarios de esta primera entrega de aparatos auditivos son habitantes de los municipios de Car\u00e1cuaro, Uruapan, Tuzantla, Ixtl\u00e1n, Huandacareo, Pur\u00e9pero, Zinap\u00e9cuaro, Huaniqueo, Maravat\u00edo, Jacona, Zacapu, Epitacio Huerta, Tlapujahua, Tzintzuntzan, Morelia, Gabriel Zamora, Nahuatzen, Buenavista Tomatl\u00e1n, Sahuayo y Tumbiscat\u00edo.<\/p>\n<p>Finalmente, Jorge V\u00e1zquez reconoci\u00f3 al Gobierno de Michoac\u00e1n por procurar esta vinculaci\u00f3n con la iniciativa privada en beneficio de las y los ciudadanos.<\/p>\n<p>Cabe mencionar que la pr\u00f3xima Jornada de Salud Auditiva se llevar\u00e1 a cabo los d\u00edas 12, 13 y 14 de julio de 2016.<\/p>\n","protected":false},"excerpt":{"rendered":"<p>La Coordinaci\u00f3n de Atenci\u00f3n Ciudadana del Gobierno del Estado firm\u00f3 un convenio de colaboraci\u00f3n con la Fundaci\u00f3n MVS Radio para poner en marcha el programa Ponte Oreja,<\/p>\n","protected":false},"author":1,"featured_media":23508,"comment_status":"open","ping_status":"open","sticky":false,"template":"","format":"standard","meta":{"footnotes":""},"categories":[14,3],"tags":[],"class_list":["post-23507","post","type-post","status-publish","format-standard","has-post-thumbnail","hentry","category-destacadas","category-gobierno-del-estado-de-michoacan"],"_links":{"self":[{"href":"https:\/\/radiowebmx.com\/nota\/wp-json\/wp\/v2\/posts\/23507","targetHints":{"allow":["GET"]}}],"collection":[{"href":"https:\/\/radiowebmx.com\/nota\/wp-json\/wp\/v2\/posts"}],"about":[{"href":"https:\/\/radiowebmx.com\/nota\/wp-json\/wp\/v2\/types\/post"}],"author":[{"embeddable":true,"href":"https:\/\/radiowebmx.com\/nota\/wp-json\/wp\/v2\/users\/1"}],"replies":[{"embeddable":true,"href":"https:\/\/radiowebmx.com\/nota\/wp-json\/wp\/v2\/comments?post=23507"}],"version-history":[{"count":1,"href":"https:\/\/radiowebmx.com\/nota\/wp-json\/wp\/v2\/posts\/23507\/revisions"}],"predecessor-version":[{"id":23509,"href":"https:\/\/radiowebmx.com\/nota\/wp-json\/wp\/v2\/posts\/23507\/revisions\/23509"}],"wp:featuredmedia":[{"embeddable":true,"href":"https:\/\/radiowebmx.com\/nota\/wp-json\/wp\/v2\/media\/23508"}],"wp:attachment":[{"href":"https:\/\/radiowebmx.com\/nota\/wp-json\/wp\/v2\/media?parent=23507"}],"wp:term":[{"taxonomy":"category","embeddable":true,"href":"https:\/\/radiowebmx.com\/nota\/wp-json\/wp\/v2\/categories?post=23507"},{"taxonomy":"post_tag","embeddable":true,"href":"https:\/\/radiowebmx.com\/nota\/wp-json\/wp\/v2\/tags?post=23507"}],"curies":[{"name":"wp","href":"https:\/\/api.w.org\/{rel}","templated":true}]}}