{"id":23504,"date":"2016-05-19T11:27:16","date_gmt":"2016-05-19T16:27:16","guid":{"rendered":"https:\/\/radiowebmx.com\/nota\/?p=23504"},"modified":"2016-05-19T11:27:16","modified_gmt":"2016-05-19T16:27:16","slug":"23504","status":"publish","type":"post","link":"https:\/\/radiowebmx.com\/nota\/23504\/","title":{"rendered":""},"content":{"rendered":"<p class=\"x_MsoNormal\"><a href=\"https:\/\/radiowebmx.com\/nota\/wp-content\/uploads\/2016\/05\/13239369_1195975210435027_950549028479352083_n.jpg\"><img loading=\"lazy\" decoding=\"async\" class=\"alignleft size-full wp-image-23505\" src=\"https:\/\/radiowebmx.com\/nota\/wp-content\/uploads\/2016\/05\/13239369_1195975210435027_950549028479352083_n.jpg\" alt=\"13239369_1195975210435027_950549028479352083_n\" width=\"591\" height=\"393\" srcset=\"https:\/\/radiowebmx.com\/nota\/wp-content\/uploads\/2016\/05\/13239369_1195975210435027_950549028479352083_n.jpg 591w, https:\/\/radiowebmx.com\/nota\/wp-content\/uploads\/2016\/05\/13239369_1195975210435027_950549028479352083_n-300x199.jpg 300w\" sizes=\"auto, (max-width: 591px) 100vw, 591px\" \/><\/a>En su car\u00e1cter de Diputado de la 73 Legislatura del Estado de Michoac\u00e1n de Ocampo el Profesor Wilfrido L\u00e1zaro Medina, emiti\u00f3 la propuesta de acuerdo por el cual convoca a todos los Michoacanos,\u00a0 a los Poderes del Estado y a los tres \u00f3rdenes de gobierno a unirse en una campa\u00f1a de reforestaci\u00f3n y seguimiento de nuestros bosques para compensar los da\u00f1os por incendios forestales, la cual fue aprobada por unanimidad en el pleno.<\/p>\n<p class=\"x_MsoNormal\">\n<p class=\"x_MsoNormal\">El legislador manifest\u00f3 que en la sesi\u00f3n del pasado 4 de Mayo, se tom\u00f3 registro de la preocupaci\u00f3n de la totalidad de los integrantes de la soberan\u00eda, ante los siniestros recientes, que desafortunadamente no han terminado del todo respecto a las quemas ilegales de predios que se preparan para la siembra, as\u00ed como los graves e irresponsables incendios forestales que han puesto a Michoac\u00e1n en otro de los penosos primeros lugares nacionales.<\/p>\n<p class=\"x_MsoNormal\">Tanto en el Estado como en el pa\u00eds las principales causas de la p\u00e9rdida de bosques son: los incendios provocados o accidentales, el cambio de uso de suelo con fines ganaderos o vinculado a la expansi\u00f3n agr\u00edcola,\u00a0 la tala clandestina, por mencionar algunos. Estimaciones de la Comisi\u00f3n Forestal del Estado anualmente Michoac\u00e1n pierde 55 mil hect\u00e1reas de bosque, por consecuencia hasta el d\u00eda 10 de mayo de este a\u00f1o debido a los incendios forestales 8 mil 910 hect\u00e1reas resultaron siniestradas en diferentes municipios, siendo el municipio de Morelia el mas afectado con 77 incendios y tres mil 260 hect\u00e1reas boscosas siniestradas que han causado un da\u00f1o irreversible que repercutir\u00e1 en el clima, en la vida silvestre y arb\u00f3rea por varias d\u00e9cadas.<\/p>\n<p class=\"x_MsoNormal\">El Legislador record\u00f3 que por su democracia representativa en el sal\u00f3n de sesiones, se encuentra representado todo el Estado de Michoac\u00e1n,\u00a0 por lo que es con su seriedad en el ejercicio de la responsabilidad pol\u00edtica y legislativa, donde se manda el mensaje a los michoacanos de que est\u00e1n trabajando para hacer coincidir las posturas ideologicas anteponiendo los intereses de todos a los propios, o a los de nuestra muy respetable forma de ver la vida, pero que sin duda, Michoac\u00e1n mas que cualquiera de nosotros o nuestro partido o nuestra doctrina.<\/p>\n<p class=\"x_MsoNormal\">Por lo que solicit\u00f3 la ayuda de sus compa\u00f1eros para juntos lograr una convocatoria estatal, para que la jornada de reforestaci\u00f3n de este a\u00f1o sea hist\u00f3rica, y que sea impulsada a partir de esta Honorable Soberan\u00eda de tal suerte que sean los primeros en estar al pendiente de que la planeaci\u00f3n, el abasto de las necesidades especificas de cada regi\u00f3n as\u00ed como la calendarizacion de las acciones que permitan abatir lo mas posible, los \u00edndice de reforestaci\u00f3n que al d\u00eda de hoy tenemos.<\/p>\n<p class=\"x_MsoNormal\">L\u00e1zaro Medina destac\u00f3 que nada o muy poco pueden hacer solos, por esta raz\u00f3n es necesario pedir ayuda a la sociedad civil para que en este a\u00f1o se sume con las instituciones que est\u00e1n a cargo y se mande una se\u00f1al terminante o contundente a quienes quieren acabar con muestra h\u00e1bitat.<\/p>\n<p class=\"x_MsoNormal\">El legislador subray\u00f3 &#8220;el d\u00eda de hoy convoc\u00f3 a las Universidades, Normales y Tecnol\u00f3gicos del Estado para que con sus \u00e1reas de investigaci\u00f3n hagan aportes y recomendaciones, pero sobre todo para que participen en los programas de reforestaci\u00f3n de cada una de las regiones&#8221;.<\/p>\n","protected":false},"excerpt":{"rendered":"<p>En su car\u00e1cter de Diputado de la 73 Legislatura del Estado de Michoac\u00e1n de Ocampo el Profesor Wilfrido L\u00e1zaro Medina, emiti\u00f3 la propuesta de acuerdo por el cual convoca a todos los Michoacanos,<\/p>\n","protected":false},"author":1,"featured_media":23505,"comment_status":"open","ping_status":"open","sticky":false,"template":"","format":"standard","meta":{"footnotes":""},"categories":[14,3],"tags":[],"class_list":["post-23504","post","type-post","status-publish","format-standard","has-post-thumbnail","hentry","category-destacadas","category-gobierno-del-estado-de-michoacan"],"_links":{"self":[{"href":"https:\/\/radiowebmx.com\/nota\/wp-json\/wp\/v2\/posts\/23504","targetHints":{"allow":["GET"]}}],"collection":[{"href":"https:\/\/radiowebmx.com\/nota\/wp-json\/wp\/v2\/posts"}],"about":[{"href":"https:\/\/radiowebmx.com\/nota\/wp-json\/wp\/v2\/types\/post"}],"author":[{"embeddable":true,"href":"https:\/\/radiowebmx.com\/nota\/wp-json\/wp\/v2\/users\/1"}],"replies":[{"embeddable":true,"href":"https:\/\/radiowebmx.com\/nota\/wp-json\/wp\/v2\/comments?post=23504"}],"version-history":[{"count":1,"href":"https:\/\/radiowebmx.com\/nota\/wp-json\/wp\/v2\/posts\/23504\/revisions"}],"predecessor-version":[{"id":23506,"href":"https:\/\/radiowebmx.com\/nota\/wp-json\/wp\/v2\/posts\/23504\/revisions\/23506"}],"wp:featuredmedia":[{"embeddable":true,"href":"https:\/\/radiowebmx.com\/nota\/wp-json\/wp\/v2\/media\/23505"}],"wp:attachment":[{"href":"https:\/\/radiowebmx.com\/nota\/wp-json\/wp\/v2\/media?parent=23504"}],"wp:term":[{"taxonomy":"category","embeddable":true,"href":"https:\/\/radiowebmx.com\/nota\/wp-json\/wp\/v2\/categories?post=23504"},{"taxonomy":"post_tag","embeddable":true,"href":"https:\/\/radiowebmx.com\/nota\/wp-json\/wp\/v2\/tags?post=23504"}],"curies":[{"name":"wp","href":"https:\/\/api.w.org\/{rel}","templated":true}]}}