{"id":23495,"date":"2016-05-19T11:19:35","date_gmt":"2016-05-19T16:19:35","guid":{"rendered":"https:\/\/radiowebmx.com\/nota\/?p=23495"},"modified":"2016-05-19T11:19:35","modified_gmt":"2016-05-19T16:19:35","slug":"cecytem-y-sne-por-vincular-a-estudiantes-y-egresados-con-el-mercado-laboral","status":"publish","type":"post","link":"https:\/\/radiowebmx.com\/nota\/cecytem-y-sne-por-vincular-a-estudiantes-y-egresados-con-el-mercado-laboral\/","title":{"rendered":"CECyTEM y SNE, por vincular a estudiantes y egresados con el mercado laboral"},"content":{"rendered":"<p><a href=\"https:\/\/radiowebmx.com\/nota\/wp-content\/uploads\/2016\/05\/baab19fc-11c5-45c9-9b68-f8cf30396f04.jpg\"><img loading=\"lazy\" decoding=\"async\" class=\"alignleft size-full wp-image-23496\" src=\"https:\/\/radiowebmx.com\/nota\/wp-content\/uploads\/2016\/05\/baab19fc-11c5-45c9-9b68-f8cf30396f04.jpg\" alt=\"baab19fc-11c5-45c9-9b68-f8cf30396f04\" width=\"591\" height=\"305\" srcset=\"https:\/\/radiowebmx.com\/nota\/wp-content\/uploads\/2016\/05\/baab19fc-11c5-45c9-9b68-f8cf30396f04.jpg 591w, https:\/\/radiowebmx.com\/nota\/wp-content\/uploads\/2016\/05\/baab19fc-11c5-45c9-9b68-f8cf30396f04-300x155.jpg 300w\" sizes=\"auto, (max-width: 591px) 100vw, 591px\" \/><\/a>El empleo y la educaci\u00f3n son prioridad para la administraci\u00f3n que encabeza el Gobernador Silvano Aureoles Conejo, ya que adem\u00e1s de que son de los temas m\u00e1s demandados por los ciudadanos, son claves para que los michoacanos tengan una mejor calidad de vida, coincidieron en destacar el director del Servicio Nacional de Empleo (SNE) en Michoac\u00e1n, Donaldo Ortiz Col\u00edn, y la directora general del Colegio de Estudios Cient\u00edficos y Tecnol\u00f3gicos del Estado de Michoac\u00e1n (CECyTEM), Mar\u00eda del Carmen Escobedo P\u00e9rez.<\/p>\n<p>Lo anterior, durante la firma de un convenio de colaboraci\u00f3n entre ambas dependencias, en el cual el objetivo primordial es vincular a los estudiantes y egresados del CECyTEM en el mercado laboral a trav\u00e9s de los diferentes servicios y subprogramas con los que cuenta el SNE.<\/p>\n<p>Mediante este acuerdo, el SNE har\u00e1 llegar a la instituci\u00f3n todo el material promocional de los servicios y subprogramas que ofrece, adem\u00e1s de que abrir\u00e1 sus puertas para que los estudiantes puedan realizar su servicio social en sus oficinas regionales en la entidad.<\/p>\n<p>Aunado a ello, abund\u00f3 Ortiz Col\u00edn, los egresados podr\u00e1n ser candidatos para participar en la entrega de proyectos productivos del subprograma Fomento al Autoempleo o ser acreedores a una beca de capacitaci\u00f3n del subprograma B\u00e9cate para reforzar sus conocimientos y se puedan colocar en un empleo.<\/p>\n<p>Por su parte, Escobedo P\u00e9rez destac\u00f3 que uno de los beneficios del convenio es que todos los alumnos y ex alumnos del CECyTEM podr\u00e1n vincularse m\u00e1s f\u00e1cil al \u00e1mbito laboral a trav\u00e9s de talleres de empleo o de la bolsa de trabajo del SNE.<\/p>\n<p>Finalmente, se\u00f1al\u00f3 que con la firma de convenio el CECyTEM apoyar\u00e1 al SNE con el pr\u00e9stamo de sus espacios educativos para el desarrollo de acciones de sus diferentes subprogramas, como cursos de capacitaci\u00f3n del subprograma B\u00e9cate.<\/p>\n<p>Por parte del SNE tambi\u00e9n asisti\u00f3 a la firma del convenio la subdirectora de Vinculaci\u00f3n Laboral, Laura Cort\u00e9s Ram\u00edrez; y del CECyTEM, Sigifredo G\u00f3mez Anaya, director de Planeaci\u00f3n; Ver\u00f3nica Garc\u00eda Dom\u00ednguez; delegada Administrativa y Julio Nava N\u00fa\u00f1ez, director de Inform\u00e1tica.<\/p>\n","protected":false},"excerpt":{"rendered":"<p>El empleo y la educaci\u00f3n son prioridad para la administraci\u00f3n que encabeza el Gobernador Silvano Aureoles Conejo, ya que adem\u00e1s de que son de los temas m\u00e1s demandados por los ciudadanos, <\/p>\n","protected":false},"author":1,"featured_media":23496,"comment_status":"open","ping_status":"open","sticky":false,"template":"","format":"standard","meta":{"footnotes":""},"categories":[14,3],"tags":[],"class_list":["post-23495","post","type-post","status-publish","format-standard","has-post-thumbnail","hentry","category-destacadas","category-gobierno-del-estado-de-michoacan"],"_links":{"self":[{"href":"https:\/\/radiowebmx.com\/nota\/wp-json\/wp\/v2\/posts\/23495","targetHints":{"allow":["GET"]}}],"collection":[{"href":"https:\/\/radiowebmx.com\/nota\/wp-json\/wp\/v2\/posts"}],"about":[{"href":"https:\/\/radiowebmx.com\/nota\/wp-json\/wp\/v2\/types\/post"}],"author":[{"embeddable":true,"href":"https:\/\/radiowebmx.com\/nota\/wp-json\/wp\/v2\/users\/1"}],"replies":[{"embeddable":true,"href":"https:\/\/radiowebmx.com\/nota\/wp-json\/wp\/v2\/comments?post=23495"}],"version-history":[{"count":1,"href":"https:\/\/radiowebmx.com\/nota\/wp-json\/wp\/v2\/posts\/23495\/revisions"}],"predecessor-version":[{"id":23497,"href":"https:\/\/radiowebmx.com\/nota\/wp-json\/wp\/v2\/posts\/23495\/revisions\/23497"}],"wp:featuredmedia":[{"embeddable":true,"href":"https:\/\/radiowebmx.com\/nota\/wp-json\/wp\/v2\/media\/23496"}],"wp:attachment":[{"href":"https:\/\/radiowebmx.com\/nota\/wp-json\/wp\/v2\/media?parent=23495"}],"wp:term":[{"taxonomy":"category","embeddable":true,"href":"https:\/\/radiowebmx.com\/nota\/wp-json\/wp\/v2\/categories?post=23495"},{"taxonomy":"post_tag","embeddable":true,"href":"https:\/\/radiowebmx.com\/nota\/wp-json\/wp\/v2\/tags?post=23495"}],"curies":[{"name":"wp","href":"https:\/\/api.w.org\/{rel}","templated":true}]}}