{"id":23492,"date":"2016-05-19T10:49:28","date_gmt":"2016-05-19T15:49:28","guid":{"rendered":"https:\/\/radiowebmx.com\/nota\/?p=23492"},"modified":"2016-05-19T10:49:28","modified_gmt":"2016-05-19T15:49:28","slug":"promueve-univim-su-oferta-educativa-en-el-interior-del-estado","status":"publish","type":"post","link":"https:\/\/radiowebmx.com\/nota\/promueve-univim-su-oferta-educativa-en-el-interior-del-estado\/","title":{"rendered":"Promueve Univim su oferta educativa en el interior del estado"},"content":{"rendered":"<p><a href=\"https:\/\/radiowebmx.com\/nota\/wp-content\/uploads\/2016\/05\/07ab0ecf-dad8-45f1-b3cb-8b25a8437016.jpg\"><img loading=\"lazy\" decoding=\"async\" class=\"alignleft size-full wp-image-23493\" src=\"https:\/\/radiowebmx.com\/nota\/wp-content\/uploads\/2016\/05\/07ab0ecf-dad8-45f1-b3cb-8b25a8437016.jpg\" alt=\"07ab0ecf-dad8-45f1-b3cb-8b25a8437016\" width=\"591\" height=\"332\" srcset=\"https:\/\/radiowebmx.com\/nota\/wp-content\/uploads\/2016\/05\/07ab0ecf-dad8-45f1-b3cb-8b25a8437016.jpg 591w, https:\/\/radiowebmx.com\/nota\/wp-content\/uploads\/2016\/05\/07ab0ecf-dad8-45f1-b3cb-8b25a8437016-300x169.jpg 300w, https:\/\/radiowebmx.com\/nota\/wp-content\/uploads\/2016\/05\/07ab0ecf-dad8-45f1-b3cb-8b25a8437016-128x72.jpg 128w\" sizes=\"auto, (max-width: 591px) 100vw, 591px\" \/><\/a>Con el objetivo de orientar en la elecci\u00f3n de una carrera profesional a los j\u00f3venes de la entidad, la Universidad Virtual del Estado de Michoac\u00e1n (Univim) brind\u00f3 informaci\u00f3n sobre sus diferentes planes y programas de estudio en un acto de coordinaci\u00f3n interinstitucional, como lo ha instruido el Gobernador Silvano Aureoles Conejo.<\/p>\n<p>En las Jornadas de Orientaci\u00f3n Vocacional organizadas por el Instituto de la Juventud Michoacana en el plantel Los Reyes del Colegio de Bachilleres del Estado de Michoac\u00e1n, alrededor de 650 estudiantes de bachillerato fueron atendidos por personal de la Univim y recibieron informaci\u00f3n de una amplia gama de instituciones de nivel superior para continuar con sus estudios de licenciatura y as\u00ed incrementar la profesionalizaci\u00f3n de las y los michoacanos.<\/p>\n<p>El personal de la Univim promovi\u00f3 las licenciaturas de Planeaci\u00f3n y Evaluaci\u00f3n Educativa, Evaluaci\u00f3n y Desarrollo Ambiental, Seguridad P\u00fablica, Turismo Sustentable, Herbolaria y Fitoterapia, as\u00ed como la Ingenier\u00eda en Desarrollo Agroindustrial, la cual gener\u00f3 gran inter\u00e9s por parte de los alumnos.<\/p>\n<p>Adem\u00e1s, se proporcion\u00f3 informaci\u00f3n a los docentes sobre las maestr\u00edas en Competencias Pedag\u00f3gicas para la Acci\u00f3n Educativa y Calidad para la Productividad, as\u00ed como el doctorado en Educaci\u00f3n con Tecnolog\u00edas del Aprendizaje y el Conocimiento, por lo que los maestros vieron en la Univim una alternativa flexible para seguir con su preparaci\u00f3n profesional en beneficio de la calidad educativa de sus alumnos.<\/p>\n<p>Con este tipo de acciones, la Univim acerca a la poblaci\u00f3n de los municipios michoacanos una educaci\u00f3n de calidad con tecnolog\u00edas del aprendizaje innovadoras y flexibles como una opci\u00f3n para desarrollar sus estudios profesionales de nivel licenciatura y posgrados.<\/p>\n","protected":false},"excerpt":{"rendered":"<p>Con el objetivo de orientar en la elecci\u00f3n de una carrera profesional a los j\u00f3venes de la entidad, la Univim brind\u00f3 informaci\u00f3n sobre sus diferentes planes y programas de estudio en un acto de coordinaci\u00f3n interinstitucional, como lo ha instruido el Gobernador SAC.<\/p>\n","protected":false},"author":1,"featured_media":23493,"comment_status":"open","ping_status":"open","sticky":false,"template":"","format":"standard","meta":{"footnotes":""},"categories":[14,3],"tags":[],"class_list":["post-23492","post","type-post","status-publish","format-standard","has-post-thumbnail","hentry","category-destacadas","category-gobierno-del-estado-de-michoacan"],"_links":{"self":[{"href":"https:\/\/radiowebmx.com\/nota\/wp-json\/wp\/v2\/posts\/23492","targetHints":{"allow":["GET"]}}],"collection":[{"href":"https:\/\/radiowebmx.com\/nota\/wp-json\/wp\/v2\/posts"}],"about":[{"href":"https:\/\/radiowebmx.com\/nota\/wp-json\/wp\/v2\/types\/post"}],"author":[{"embeddable":true,"href":"https:\/\/radiowebmx.com\/nota\/wp-json\/wp\/v2\/users\/1"}],"replies":[{"embeddable":true,"href":"https:\/\/radiowebmx.com\/nota\/wp-json\/wp\/v2\/comments?post=23492"}],"version-history":[{"count":1,"href":"https:\/\/radiowebmx.com\/nota\/wp-json\/wp\/v2\/posts\/23492\/revisions"}],"predecessor-version":[{"id":23494,"href":"https:\/\/radiowebmx.com\/nota\/wp-json\/wp\/v2\/posts\/23492\/revisions\/23494"}],"wp:featuredmedia":[{"embeddable":true,"href":"https:\/\/radiowebmx.com\/nota\/wp-json\/wp\/v2\/media\/23493"}],"wp:attachment":[{"href":"https:\/\/radiowebmx.com\/nota\/wp-json\/wp\/v2\/media?parent=23492"}],"wp:term":[{"taxonomy":"category","embeddable":true,"href":"https:\/\/radiowebmx.com\/nota\/wp-json\/wp\/v2\/categories?post=23492"},{"taxonomy":"post_tag","embeddable":true,"href":"https:\/\/radiowebmx.com\/nota\/wp-json\/wp\/v2\/tags?post=23492"}],"curies":[{"name":"wp","href":"https:\/\/api.w.org\/{rel}","templated":true}]}}