{"id":23487,"date":"2016-05-18T13:26:45","date_gmt":"2016-05-18T18:26:45","guid":{"rendered":"https:\/\/radiowebmx.com\/nota\/?p=23487"},"modified":"2016-05-18T13:26:58","modified_gmt":"2016-05-18T18:26:58","slug":"secretaria-del-ayuntamiento-inaugura-la-exposicion-documental-casas-del-centro-de-morelia-siglo-xlx","status":"publish","type":"post","link":"https:\/\/radiowebmx.com\/nota\/secretaria-del-ayuntamiento-inaugura-la-exposicion-documental-casas-del-centro-de-morelia-siglo-xlx\/","title":{"rendered":"Secretar\u00eda del Ayuntamiento inaugura la exposici\u00f3n documental \u201cCasas del Centro de Morelia, Siglo XlX\u201d"},"content":{"rendered":"<p><a href=\"https:\/\/radiowebmx.com\/nota\/wp-content\/uploads\/2016\/05\/5b18e352-2fda-4544-9b34-fd51c0a54a67.jpg\"><img loading=\"lazy\" decoding=\"async\" class=\"alignleft size-full wp-image-23488\" src=\"https:\/\/radiowebmx.com\/nota\/wp-content\/uploads\/2016\/05\/5b18e352-2fda-4544-9b34-fd51c0a54a67.jpg\" alt=\"5b18e352-2fda-4544-9b34-fd51c0a54a67\" width=\"591\" height=\"297\" srcset=\"https:\/\/radiowebmx.com\/nota\/wp-content\/uploads\/2016\/05\/5b18e352-2fda-4544-9b34-fd51c0a54a67.jpg 591w, https:\/\/radiowebmx.com\/nota\/wp-content\/uploads\/2016\/05\/5b18e352-2fda-4544-9b34-fd51c0a54a67-300x151.jpg 300w\" sizes=\"auto, (max-width: 591px) 100vw, 591px\" \/><\/a>La Secretar\u00eda del Ayuntamiento, a trav\u00e9s del Archivo Hist\u00f3rico Municipal, present\u00f3 la exposici\u00f3n documental \u201cCasas del Centro de Morelia, Siglo XlX\u201d con la finalidad reconstruir la\u00a0 interpretaci\u00f3n del pasado y los cambios de la arquitectura patrimonial de la capital de Michoac\u00e1n durante los a\u00f1os.<\/p>\n<p>Los encargados de cortar el list\u00f3n y dar un recorrido por\u00a0 la historia del coraz\u00f3n de la ciudad, fueron el Jefe de Departamento del Archivo Hist\u00f3rico, Guillermo Fernando Rodr\u00edguez Herrej\u00f3n y la Encargada del Fondo Colonial, Melda Amaya Guzm\u00e1n, as\u00ed como\u00a0 la Regidora, Mar\u00eda Elisa Garrido P\u00e9rez.<\/p>\n<p>Esta actividad se enmarca en el 25 Aniversario de la declaratoria de Morelia como Patrimonio de la Humanidad, 475 Aniversario de fundaci\u00f3n de la Ciudad y el Noveno Aniversario del Recinto del Archivo Hist\u00f3rico.<\/p>\n<p>Estos documentos pertenecientes al acervo del Archivo Hist\u00f3rico Municipal hacen una invitaci\u00f3n a estudiosos a que se acerquen a realizar sus investigaciones y consulten los documentos que en este inmueble se localizan comunic\u00f3 Amaya Guzm\u00e1n.<\/p>\n<p>Dicha muestra consta de una serie de 15 planos y documentos relativos a fachadas de algunas edificaciones de inmuebles del Centro Hist\u00f3rico de la ciudad.<\/p>\n<p>Es de destacar que en esta exposici\u00f3n se utiliz\u00f3 la nomenclatura del Siglo XlX para ubicar los edificios hist\u00f3ricos de los cuales se cont\u00f3 su historia y se dieron a conocer los nombres que antiguamente ten\u00edan las calles del Centro Hist\u00f3rico de Morelia.<\/p>\n","protected":false},"excerpt":{"rendered":"<p>La Secretar\u00eda del Ayuntamiento, a trav\u00e9s del Archivo Hist\u00f3rico Municipal, present\u00f3 la exposici\u00f3n documental \u201cCasas del Centro de Morelia, Siglo XlX\u201d con la finalidad reconstruir la  interpretaci\u00f3n del pasado y los cambios de la arquitectura patrimonial de la capital de Michoac\u00e1n durante los a\u00f1os.<\/p>\n","protected":false},"author":1,"featured_media":23488,"comment_status":"open","ping_status":"open","sticky":false,"template":"","format":"standard","meta":{"footnotes":""},"categories":[14,9],"tags":[],"class_list":["post-23487","post","type-post","status-publish","format-standard","has-post-thumbnail","hentry","category-destacadas","category-morelia"],"_links":{"self":[{"href":"https:\/\/radiowebmx.com\/nota\/wp-json\/wp\/v2\/posts\/23487","targetHints":{"allow":["GET"]}}],"collection":[{"href":"https:\/\/radiowebmx.com\/nota\/wp-json\/wp\/v2\/posts"}],"about":[{"href":"https:\/\/radiowebmx.com\/nota\/wp-json\/wp\/v2\/types\/post"}],"author":[{"embeddable":true,"href":"https:\/\/radiowebmx.com\/nota\/wp-json\/wp\/v2\/users\/1"}],"replies":[{"embeddable":true,"href":"https:\/\/radiowebmx.com\/nota\/wp-json\/wp\/v2\/comments?post=23487"}],"version-history":[{"count":1,"href":"https:\/\/radiowebmx.com\/nota\/wp-json\/wp\/v2\/posts\/23487\/revisions"}],"predecessor-version":[{"id":23489,"href":"https:\/\/radiowebmx.com\/nota\/wp-json\/wp\/v2\/posts\/23487\/revisions\/23489"}],"wp:featuredmedia":[{"embeddable":true,"href":"https:\/\/radiowebmx.com\/nota\/wp-json\/wp\/v2\/media\/23488"}],"wp:attachment":[{"href":"https:\/\/radiowebmx.com\/nota\/wp-json\/wp\/v2\/media?parent=23487"}],"wp:term":[{"taxonomy":"category","embeddable":true,"href":"https:\/\/radiowebmx.com\/nota\/wp-json\/wp\/v2\/categories?post=23487"},{"taxonomy":"post_tag","embeddable":true,"href":"https:\/\/radiowebmx.com\/nota\/wp-json\/wp\/v2\/tags?post=23487"}],"curies":[{"name":"wp","href":"https:\/\/api.w.org\/{rel}","templated":true}]}}