{"id":23481,"date":"2016-05-18T13:21:03","date_gmt":"2016-05-18T18:21:03","guid":{"rendered":"https:\/\/radiowebmx.com\/nota\/?p=23481"},"modified":"2016-05-18T13:21:03","modified_gmt":"2016-05-18T18:21:03","slug":"alfonso-martinez-apuesta-al-desarrollo-de-la-zona-rural-de-morelia","status":"publish","type":"post","link":"https:\/\/radiowebmx.com\/nota\/alfonso-martinez-apuesta-al-desarrollo-de-la-zona-rural-de-morelia\/","title":{"rendered":"Alfonso Mart\u00ednez apuesta al desarrollo de la zona rural de Morelia"},"content":{"rendered":"<p><a href=\"https:\/\/radiowebmx.com\/nota\/wp-content\/uploads\/2016\/05\/0e40d85c-1103-4be8-8422-58820c588047.jpg\"><img loading=\"lazy\" decoding=\"async\" class=\"alignleft size-full wp-image-23482\" src=\"https:\/\/radiowebmx.com\/nota\/wp-content\/uploads\/2016\/05\/0e40d85c-1103-4be8-8422-58820c588047.jpg\" alt=\"0e40d85c-1103-4be8-8422-58820c588047\" width=\"591\" height=\"336\" srcset=\"https:\/\/radiowebmx.com\/nota\/wp-content\/uploads\/2016\/05\/0e40d85c-1103-4be8-8422-58820c588047.jpg 591w, https:\/\/radiowebmx.com\/nota\/wp-content\/uploads\/2016\/05\/0e40d85c-1103-4be8-8422-58820c588047-300x171.jpg 300w, https:\/\/radiowebmx.com\/nota\/wp-content\/uploads\/2016\/05\/0e40d85c-1103-4be8-8422-58820c588047-128x72.jpg 128w\" sizes=\"auto, (max-width: 591px) 100vw, 591px\" \/><\/a>Con el compromiso de que durante la Administraci\u00f3n del Presidente Municipal de Morelia, Alfonso Mart\u00ednez Alc\u00e1zar, \u00a0se buscar\u00e1 impulsar el desarrollo del campo de la ciudad, este martes se llev\u00f3 a cabo el arranque del Programa de Semilla Mejorada, el cual beneficiar\u00e1 a cientos de productores de la capital del estado.<\/p>\n<p>Ante el Alcalde, Alfonso Mart\u00ednez, la Secretar\u00eda de Desarrollo Econ\u00f3mico\u00a0 y Emprendedor, Ireri Rivera Garc\u00eda, el Director de Desarrollo Rural, Cecilio Zamora Ramos, as\u00ed como Lauriano Cortes, comisariado Ejidal de San Isidro, Elio Villal\u00f3n,\u00a0 Jefe de la Tenencia de Cuto de la Esperanza, productores y ganaderos de Morelia, se entregaron 10 toneladas de semilla mejorada de avena a 50 productores de las tenencias de Tiripet\u00edo, Atapaneo, Capula, Chiquimit\u00edo, Santiago Undameo y Cuto de la Esperanza.<\/p>\n<p>Durante su participaci\u00f3n, el jefe de la comuna moreliana, resalt\u00f3 que el campo de la ciudad genera mucha riqueza para la capital, por lo que es importante darle el impulso necesario para que cada uno de los productores salga adelante y no tengan que abandonar sus comunidades en busca de su desarrollo econ\u00f3mico.<\/p>\n<p>\u201cNosotros estamos muy interesados en el campo de Morelia, ustedes proveen una gran riqueza y lo que queremos es que tengan las facilidades para generar su propio desarrollo, su propio ingreso y no\u00a0que tengan que navegar para irse a Morelia a conseguirlo, estamos muy interesados en apostarle el desarrollo en sus comunidades\u201d, puntualiz\u00f3.<\/p>\n<p>Alfonso Mart\u00ednez, asegur\u00f3 que es de vital importancia trabajar de la mano directamente con cada uno de los productores a trav\u00e9s de la Secretar\u00eda de Desarrollo Econ\u00f3mico y del Emprendedor para as\u00ed conocer sus principales necesidades y darles soluci\u00f3n por medio de programas.<\/p>\n<p>El Presidente Municipal indic\u00f3 que durante los siguientes meses se buscar\u00e1 impulsar el programa para mejorar el ganado por medio de la inseminaci\u00f3n artificial, que complementar\u00e1 lo que ya se ha realizado con las 50 cabezas de ganado entregadas \u00a0en fechas pasadas.<\/p>\n<p>Con estas acciones, dijo, se cumple con el compromiso de brindarles a todos los sectores de la sociedad la atenci\u00f3n que requieren para generar el desarrollo, no s\u00f3lo de la capital, sino de cada uno de las tenencias del municipio, as\u00ed como de sus comunidades.<\/p>\n","protected":false},"excerpt":{"rendered":"<p>Con el compromiso de que durante la Administraci\u00f3n del Presidente Municipal de Morelia, Alfonso Mart\u00ednez Alc\u00e1zar,  se buscar\u00e1 impulsar el desarrollo del campo de la ciudad, este martes se llev\u00f3 a cabo el arranque del Programa de Semilla Mejorada, <\/p>\n","protected":false},"author":1,"featured_media":23482,"comment_status":"open","ping_status":"open","sticky":false,"template":"","format":"standard","meta":{"footnotes":""},"categories":[14,9],"tags":[],"class_list":["post-23481","post","type-post","status-publish","format-standard","has-post-thumbnail","hentry","category-destacadas","category-morelia"],"_links":{"self":[{"href":"https:\/\/radiowebmx.com\/nota\/wp-json\/wp\/v2\/posts\/23481","targetHints":{"allow":["GET"]}}],"collection":[{"href":"https:\/\/radiowebmx.com\/nota\/wp-json\/wp\/v2\/posts"}],"about":[{"href":"https:\/\/radiowebmx.com\/nota\/wp-json\/wp\/v2\/types\/post"}],"author":[{"embeddable":true,"href":"https:\/\/radiowebmx.com\/nota\/wp-json\/wp\/v2\/users\/1"}],"replies":[{"embeddable":true,"href":"https:\/\/radiowebmx.com\/nota\/wp-json\/wp\/v2\/comments?post=23481"}],"version-history":[{"count":1,"href":"https:\/\/radiowebmx.com\/nota\/wp-json\/wp\/v2\/posts\/23481\/revisions"}],"predecessor-version":[{"id":23483,"href":"https:\/\/radiowebmx.com\/nota\/wp-json\/wp\/v2\/posts\/23481\/revisions\/23483"}],"wp:featuredmedia":[{"embeddable":true,"href":"https:\/\/radiowebmx.com\/nota\/wp-json\/wp\/v2\/media\/23482"}],"wp:attachment":[{"href":"https:\/\/radiowebmx.com\/nota\/wp-json\/wp\/v2\/media?parent=23481"}],"wp:term":[{"taxonomy":"category","embeddable":true,"href":"https:\/\/radiowebmx.com\/nota\/wp-json\/wp\/v2\/categories?post=23481"},{"taxonomy":"post_tag","embeddable":true,"href":"https:\/\/radiowebmx.com\/nota\/wp-json\/wp\/v2\/tags?post=23481"}],"curies":[{"name":"wp","href":"https:\/\/api.w.org\/{rel}","templated":true}]}}