{"id":23478,"date":"2016-05-18T13:13:31","date_gmt":"2016-05-18T18:13:31","guid":{"rendered":"https:\/\/radiowebmx.com\/nota\/?p=23478"},"modified":"2016-05-18T13:13:31","modified_gmt":"2016-05-18T18:13:31","slug":"se-dotara-de-vivienda-digna-a-200-familias-de-escasos-recursos-ivem","status":"publish","type":"post","link":"https:\/\/radiowebmx.com\/nota\/se-dotara-de-vivienda-digna-a-200-familias-de-escasos-recursos-ivem\/","title":{"rendered":"Se dotar\u00e1 de vivienda digna a 200 familias de escasos recursos: IVEM"},"content":{"rendered":"<p><a href=\"https:\/\/radiowebmx.com\/nota\/wp-content\/uploads\/2016\/05\/40d0d7d8-35d9-47b1-a2d8-cbbc9d19ae9a.jpg\"><img loading=\"lazy\" decoding=\"async\" class=\"alignleft size-full wp-image-23479\" src=\"https:\/\/radiowebmx.com\/nota\/wp-content\/uploads\/2016\/05\/40d0d7d8-35d9-47b1-a2d8-cbbc9d19ae9a.jpg\" alt=\"40d0d7d8-35d9-47b1-a2d8-cbbc9d19ae9a\" width=\"591\" height=\"303\" srcset=\"https:\/\/radiowebmx.com\/nota\/wp-content\/uploads\/2016\/05\/40d0d7d8-35d9-47b1-a2d8-cbbc9d19ae9a.jpg 591w, https:\/\/radiowebmx.com\/nota\/wp-content\/uploads\/2016\/05\/40d0d7d8-35d9-47b1-a2d8-cbbc9d19ae9a-300x154.jpg 300w\" sizes=\"auto, (max-width: 591px) 100vw, 591px\" \/><\/a>\u201cHaremos lo posible y hasta lo imposible para seguir construyendo hogares\u201d, expres\u00f3 la directora del Instituto de Vivienda del Estado de Michoac\u00e1n (IVEM), Mar\u00eda Yesm\u00edn S\u00e1nchez Huerta, al agradecer a las integrantes de la Asociaci\u00f3n Gilberto, al presidente municipal de Zacapu, Gerardo Torres, y los representantes de las alcald\u00edas de Morelia, Zinap\u00e9cuaro, P\u00e1tzcuaro y Santa Ana Maya por sumarse al esfuerzo de la administraci\u00f3n que encabeza el Gobernador Silvano Aureoles Conejo para dotar de una vivienda digna a 200 familias de escasos recursos.<\/p>\n<p>S\u00e1nchez Huerta coment\u00f3 que el mandatario michoacano pidi\u00f3 a los integrantes de su gabinete ser creativos y dar resultados en favor de las y los michoacanos, por lo que en el caso del IVEM se han establecido alianzas con asociaciones, fundaciones y autoridades de los tres niveles de gobierno para que se realicen acciones de vivienda a trav\u00e9s de la gesti\u00f3n de subsidios, como el que otorg\u00f3 la Comisi\u00f3n Nacional de Vivienda (Conavi) a la Asociaci\u00f3n Gilberto.<\/p>\n<p>Para Michoac\u00e1n, expuso, se consideraron en una primera etapa 200 viviendas para cinco municipios con personas en extrema pobreza, pero la cifra podr\u00eda incrementarse si contin\u00faa el trabajo coordinado entre las entidades que participan en este proyecto.<\/p>\n<p>Por el momento, especific\u00f3 S\u00e1nchez Huerta, las voluntarias integrantes de la Asociaci\u00f3n Gilberto est\u00e1n en el proceso de concluir el padr\u00f3n con los municipios interesados; posteriormente, personal del IVEM realizar\u00e1 los expedientes y llevar\u00e1 a cabo la verificaci\u00f3n de los mismos, a fin de garantizar que el apoyo llegue a quien realmente lo necesita.<\/p>\n<p>Indic\u00f3 que el IVEM ser\u00e1 la instancia rectora de las obras y se asegurar\u00e1 de que cumplan con las condiciones de calidad y seguridad requeridas y, especialmente, cuenten con la infraestructura necesaria para personas que sufren de alguna discapacidad.<\/p>\n","protected":false},"excerpt":{"rendered":"<p>\u201cHaremos lo posible y hasta lo imposible para seguir construyendo hogares\u201d, expres\u00f3 la directora del IVEM, Mar\u00eda Yesm\u00edn S\u00e1nchez Huerta, al agradecer a las integrantes de la Asociaci\u00f3n Gilberto, al presidente municipal de Zacapu, Gerardo Torres, y los representantes de las alcald\u00edas de Morelia, <\/p>\n","protected":false},"author":1,"featured_media":23479,"comment_status":"open","ping_status":"open","sticky":false,"template":"","format":"standard","meta":{"footnotes":""},"categories":[14,3],"tags":[],"class_list":["post-23478","post","type-post","status-publish","format-standard","has-post-thumbnail","hentry","category-destacadas","category-gobierno-del-estado-de-michoacan"],"_links":{"self":[{"href":"https:\/\/radiowebmx.com\/nota\/wp-json\/wp\/v2\/posts\/23478","targetHints":{"allow":["GET"]}}],"collection":[{"href":"https:\/\/radiowebmx.com\/nota\/wp-json\/wp\/v2\/posts"}],"about":[{"href":"https:\/\/radiowebmx.com\/nota\/wp-json\/wp\/v2\/types\/post"}],"author":[{"embeddable":true,"href":"https:\/\/radiowebmx.com\/nota\/wp-json\/wp\/v2\/users\/1"}],"replies":[{"embeddable":true,"href":"https:\/\/radiowebmx.com\/nota\/wp-json\/wp\/v2\/comments?post=23478"}],"version-history":[{"count":1,"href":"https:\/\/radiowebmx.com\/nota\/wp-json\/wp\/v2\/posts\/23478\/revisions"}],"predecessor-version":[{"id":23480,"href":"https:\/\/radiowebmx.com\/nota\/wp-json\/wp\/v2\/posts\/23478\/revisions\/23480"}],"wp:featuredmedia":[{"embeddable":true,"href":"https:\/\/radiowebmx.com\/nota\/wp-json\/wp\/v2\/media\/23479"}],"wp:attachment":[{"href":"https:\/\/radiowebmx.com\/nota\/wp-json\/wp\/v2\/media?parent=23478"}],"wp:term":[{"taxonomy":"category","embeddable":true,"href":"https:\/\/radiowebmx.com\/nota\/wp-json\/wp\/v2\/categories?post=23478"},{"taxonomy":"post_tag","embeddable":true,"href":"https:\/\/radiowebmx.com\/nota\/wp-json\/wp\/v2\/tags?post=23478"}],"curies":[{"name":"wp","href":"https:\/\/api.w.org\/{rel}","templated":true}]}}