{"id":23440,"date":"2016-05-17T12:29:29","date_gmt":"2016-05-17T17:29:29","guid":{"rendered":"https:\/\/radiowebmx.com\/nota\/?p=23440"},"modified":"2016-05-17T12:29:36","modified_gmt":"2016-05-17T17:29:36","slug":"indispensable-desmontar-el-actual-sistema-de-gobernanza-basado-en-el-clientelismo-alerta-quadri","status":"publish","type":"post","link":"https:\/\/radiowebmx.com\/nota\/indispensable-desmontar-el-actual-sistema-de-gobernanza-basado-en-el-clientelismo-alerta-quadri\/","title":{"rendered":"INDISPENSABLE, DESMONTAR EL ACTUAL SISTEMA DE GOBERNANZA BASADO EN EL CLIENTELISMO, ALERTA QUADRI"},"content":{"rendered":"<p><a href=\"https:\/\/radiowebmx.com\/nota\/wp-content\/uploads\/2016\/05\/image3117357.jpg\"><img loading=\"lazy\" decoding=\"async\" class=\"alignleft size-full wp-image-23441\" src=\"https:\/\/radiowebmx.com\/nota\/wp-content\/uploads\/2016\/05\/image3117357.jpg\" alt=\"image3117357\" width=\"591\" height=\"294\" srcset=\"https:\/\/radiowebmx.com\/nota\/wp-content\/uploads\/2016\/05\/image3117357.jpg 591w, https:\/\/radiowebmx.com\/nota\/wp-content\/uploads\/2016\/05\/image3117357-300x149.jpg 300w\" sizes=\"auto, (max-width: 591px) 100vw, 591px\" \/><\/a>La Constituci\u00f3n de la Ciudad de M\u00e9xico debe ser un producto t\u00e9cnico, con una planeaci\u00f3n \u201cde barrio\u201d, que promueva la restructuraci\u00f3n de los servicios m\u00e1s importantes en beneficio de los ciudadanos, demand\u00f3 Gabriel Quadri de la Torre, quien alert\u00f3 sobre el peligro de mantener intacto el actual sistema \u201cque prevalece desde hace 20 a\u00f1os, basado en el clientelismo y la corrupci\u00f3n, y que ha afectado las capacidades de gobierno de la Ciudad\u201d.<\/p>\n<p>El candidato a la Asamblea Constituyente por Nueva Alianza particip\u00f3 en el cuarto foro de ideas denominado &#8220;Gobierno de la Ciudad de M\u00e9xico: facultades, relaci\u00f3n con otros poderes y coordinaci\u00f3n metropolitana&#8221;, convocado por los institutos electorales nacional y de la CdMx (INE y IEDF, respectivamente), en las instalaciones del Instituto Tecnol\u00f3gico Aut\u00f3nomo de M\u00e9xico (ITAM), donde exhort\u00f3 a los capitalinos a cumplir su derecho c\u00edvico y votar, porque solo as\u00ed tendr\u00e1n el derecho a exigir a los constituyentes que cumplan los planteamientos prometidos en campa\u00f1a.<\/p>\n<p>El ex candidato presidencial aliancista en la contienda de 2012 destac\u00f3 que de no haber participaci\u00f3n ciudadana no se llegar\u00e1 a los objetivos de atender las demandas de los capitalinos, y de nuevo los partidos del siglo pasado \u201cvolver\u00e1n a partir el pastel, llev\u00e1ndose las rebanadas m\u00e1s grandes\u201d, adem\u00e1s de que no se lograr\u00e1 construir una Constituci\u00f3n que est\u00e9 al servicio de los habitantes de esta Ciudad.<\/p>\n<p>Por ello, consider\u00f3 que es esencial construir nuevas instituciones en la capital, para terminar con el corporativismo y la corrupci\u00f3n, as\u00ed como las llamadas \u201ccuotas y derecho de piso, que es lo que ha anulado o conculcado el futuro de la ciudad\u201d, a lo que se suman \u2013dijo\u2013 las visiones electoreras y la impunidad, como un rasgo esencial de conducta que viene desde las m\u00e1s altas esferas del poder.<\/p>\n<p>Los candidatos constituyentes de los diferentes partidos pol\u00edticos as\u00ed como los candidatos independientes, durante sus exposiciones coincidieron en afirmar que la mayor\u00eda de los ciudadanos desconoce que el pr\u00f3ximo 5 de junio se llevar\u00e1n a cabo las elecciones de los integrantres de la Asamblea Constituyente de la Ciudad de M\u00e9xico, cuya importante y delicada misi\u00f3n ser\u00e1 dotar de un texto fundamental a la capital de la d\u00e9cimotercera potencia industrial del planeta.<\/p>\n<p>La falta de informaci\u00f3n y publicidad en los medios, provoca que los millones de ciudadanos en edad de votar no tengan la menor idea del evento tan importante que tendr\u00e1 verificativo en esa fecha. Los candidatos participantes en el debate responsabilizaron a las autoridades electorales de la falta de difusi\u00f3n en ese sentido.<\/p>\n<p>El objetivo de estos foros es impulsar la discusi\u00f3n de propuestas relacionadas con temas trascendentes para la redacci\u00f3n de la Constituci\u00f3n de la capital del pa\u00eds.<\/p>\n","protected":false},"excerpt":{"rendered":"<p>La Constituci\u00f3n de la Ciudad de M\u00e9xico debe ser un producto t\u00e9cnico, con una planeaci\u00f3n \u201cde barrio\u201d, que promueva la restructuraci\u00f3n de los servicios m\u00e1s importantes en beneficio de los ciudadanos, demand\u00f3 Gabriel Quadri de la Torre, <\/p>\n","protected":false},"author":1,"featured_media":23441,"comment_status":"open","ping_status":"open","sticky":false,"template":"","format":"standard","meta":{"footnotes":""},"categories":[14,20,11],"tags":[],"class_list":["post-23440","post","type-post","status-publish","format-standard","has-post-thumbnail","hentry","category-destacadas","category-nueva-alianza","category-partidos-politicos"],"_links":{"self":[{"href":"https:\/\/radiowebmx.com\/nota\/wp-json\/wp\/v2\/posts\/23440","targetHints":{"allow":["GET"]}}],"collection":[{"href":"https:\/\/radiowebmx.com\/nota\/wp-json\/wp\/v2\/posts"}],"about":[{"href":"https:\/\/radiowebmx.com\/nota\/wp-json\/wp\/v2\/types\/post"}],"author":[{"embeddable":true,"href":"https:\/\/radiowebmx.com\/nota\/wp-json\/wp\/v2\/users\/1"}],"replies":[{"embeddable":true,"href":"https:\/\/radiowebmx.com\/nota\/wp-json\/wp\/v2\/comments?post=23440"}],"version-history":[{"count":1,"href":"https:\/\/radiowebmx.com\/nota\/wp-json\/wp\/v2\/posts\/23440\/revisions"}],"predecessor-version":[{"id":23442,"href":"https:\/\/radiowebmx.com\/nota\/wp-json\/wp\/v2\/posts\/23440\/revisions\/23442"}],"wp:featuredmedia":[{"embeddable":true,"href":"https:\/\/radiowebmx.com\/nota\/wp-json\/wp\/v2\/media\/23441"}],"wp:attachment":[{"href":"https:\/\/radiowebmx.com\/nota\/wp-json\/wp\/v2\/media?parent=23440"}],"wp:term":[{"taxonomy":"category","embeddable":true,"href":"https:\/\/radiowebmx.com\/nota\/wp-json\/wp\/v2\/categories?post=23440"},{"taxonomy":"post_tag","embeddable":true,"href":"https:\/\/radiowebmx.com\/nota\/wp-json\/wp\/v2\/tags?post=23440"}],"curies":[{"name":"wp","href":"https:\/\/api.w.org\/{rel}","templated":true}]}}