{"id":23423,"date":"2016-05-16T11:30:37","date_gmt":"2016-05-16T16:30:37","guid":{"rendered":"https:\/\/radiowebmx.com\/nota\/?p=23423"},"modified":"2016-05-16T11:30:37","modified_gmt":"2016-05-16T16:30:37","slug":"secretaria-de-servicios-publicos-celebra-a-jardineros-de-parques-y-jardines","status":"publish","type":"post","link":"https:\/\/radiowebmx.com\/nota\/secretaria-de-servicios-publicos-celebra-a-jardineros-de-parques-y-jardines\/","title":{"rendered":"Secretar\u00eda de Servicios P\u00fablicos celebra a jardineros de Parques y Jardines"},"content":{"rendered":"<p><a href=\"https:\/\/radiowebmx.com\/nota\/wp-content\/uploads\/2016\/05\/e67c4f80-85b2-4fef-8bce-e9444f714cb5.jpg\"><img loading=\"lazy\" decoding=\"async\" class=\"alignleft size-full wp-image-23424\" src=\"https:\/\/radiowebmx.com\/nota\/wp-content\/uploads\/2016\/05\/e67c4f80-85b2-4fef-8bce-e9444f714cb5.jpg\" alt=\"e67c4f80-85b2-4fef-8bce-e9444f714cb5\" width=\"591\" height=\"305\" srcset=\"https:\/\/radiowebmx.com\/nota\/wp-content\/uploads\/2016\/05\/e67c4f80-85b2-4fef-8bce-e9444f714cb5.jpg 591w, https:\/\/radiowebmx.com\/nota\/wp-content\/uploads\/2016\/05\/e67c4f80-85b2-4fef-8bce-e9444f714cb5-300x155.jpg 300w\" sizes=\"auto, (max-width: 591px) 100vw, 591px\" \/><\/a>El Gobierno Municipal a trav\u00e9s de la Secretar\u00eda de Servicios P\u00fablicos, festejo por cuarto a\u00f1o consecutivo a los jardineros, que celebran su D\u00eda.<\/p>\n<p>Con un convivio en las instalaciones de la Direcci\u00f3n de Imagen Urbana, los jardineros adscritos al Departamento de Parques y Jardines, fueron reconocidos por el importante trabajo que realizan diariamente para mantener en \u00f3ptimas condiciones las \u00e1reas verdes distribuidas en parques, jardines, plazas p\u00fablicas y camellones de la capital.<\/p>\n<p>En su mensaje, el Secretario de Servicios P\u00fablicos, Jos\u00e9 Luis Gil V\u00e1zquez, reconoci\u00f3 el esfuerzo y dedicaci\u00f3n con el que contribuyen a conservar la est\u00e9tica urbana y el cuidado del medio ambiente.<\/p>\n<p>Se\u00f1al\u00f3 que con los trabajos en camellones, parques y jardines, as\u00ed como conservar las fuentes de la ciudad para mantenerlas en \u00f3ptimas condiciones y balizamientos, mantienen a la ciudad en todo su esplendor.<\/p>\n<p>Gil V\u00e1zquez subray\u00f3 que gracias a ello, es que Morelia destaca por ser una de las ciudades m\u00e1s limpias, ordenadas y con espacios p\u00fablicos dignos para la ciudadan\u00eda.<\/p>\n<p>Destac\u00f3 la importancia de reconocer y estimular el esfuerzo de los trabajadores, as\u00ed como mantenerse al pendiente de que las labores que realicen, sean en condiciones dignas.<\/p>\n<p>&#8220;Estoy convencido de que cuando una persona se siente valorada, su rendimiento y crecimiento personal se torna muy positivo, lo que se traduce en un mejor desempe\u00f1o laboral\u201d, agreg\u00f3.<\/p>\n<p>Por su parte, Jorge Molina Baz\u00e1n, l\u00edder del Sindicato de Empleados Municipales, Administrativos y Conexos de Morelia (SEMACM), dijo que gracias al trabajo de los jardineros, tenemos una imagen urbana, digna para los morelianos.<\/p>\n<p>Tambi\u00e9n reconoci\u00f3 el trabajo del Secretario de Servicios P\u00fablicos, Jos\u00e9 Luis Gil, ya que mencion\u00f3 que siempre ha estado atento a escuchar las necesidades de todas sus Direcciones, asimismo tambi\u00e9n reconoci\u00f3 el trabajo del Director de Imagen Urbana, Jos\u00e9 Antonio Mej\u00eda.<\/p>\n<p>Al t\u00e9rmino del evento, recibieron un reconocimiento 11 jardineros, 4 por sus 29 a\u00f1os de antig\u00fcedad dentro de la plantilla laboral de la Secretar\u00eda de Servicios P\u00fablicos y 7 jardineros por su excelente desempe\u00f1o en el \u00e1rea de Parques y Jardines.<\/p>\n","protected":false},"excerpt":{"rendered":"<p>El Gobierno Municipal a trav\u00e9s de la Secretar\u00eda de Servicios P\u00fablicos, festejo por cuarto a\u00f1o consecutivo a los jardineros, que celebran su D\u00eda.<\/p>\n","protected":false},"author":1,"featured_media":23424,"comment_status":"open","ping_status":"open","sticky":false,"template":"","format":"standard","meta":{"footnotes":""},"categories":[14,9],"tags":[],"class_list":["post-23423","post","type-post","status-publish","format-standard","has-post-thumbnail","hentry","category-destacadas","category-morelia"],"_links":{"self":[{"href":"https:\/\/radiowebmx.com\/nota\/wp-json\/wp\/v2\/posts\/23423","targetHints":{"allow":["GET"]}}],"collection":[{"href":"https:\/\/radiowebmx.com\/nota\/wp-json\/wp\/v2\/posts"}],"about":[{"href":"https:\/\/radiowebmx.com\/nota\/wp-json\/wp\/v2\/types\/post"}],"author":[{"embeddable":true,"href":"https:\/\/radiowebmx.com\/nota\/wp-json\/wp\/v2\/users\/1"}],"replies":[{"embeddable":true,"href":"https:\/\/radiowebmx.com\/nota\/wp-json\/wp\/v2\/comments?post=23423"}],"version-history":[{"count":1,"href":"https:\/\/radiowebmx.com\/nota\/wp-json\/wp\/v2\/posts\/23423\/revisions"}],"predecessor-version":[{"id":23425,"href":"https:\/\/radiowebmx.com\/nota\/wp-json\/wp\/v2\/posts\/23423\/revisions\/23425"}],"wp:featuredmedia":[{"embeddable":true,"href":"https:\/\/radiowebmx.com\/nota\/wp-json\/wp\/v2\/media\/23424"}],"wp:attachment":[{"href":"https:\/\/radiowebmx.com\/nota\/wp-json\/wp\/v2\/media?parent=23423"}],"wp:term":[{"taxonomy":"category","embeddable":true,"href":"https:\/\/radiowebmx.com\/nota\/wp-json\/wp\/v2\/categories?post=23423"},{"taxonomy":"post_tag","embeddable":true,"href":"https:\/\/radiowebmx.com\/nota\/wp-json\/wp\/v2\/tags?post=23423"}],"curies":[{"name":"wp","href":"https:\/\/api.w.org\/{rel}","templated":true}]}}