{"id":23421,"date":"2016-05-16T11:27:11","date_gmt":"2016-05-16T16:27:11","guid":{"rendered":"https:\/\/radiowebmx.com\/nota\/?p=23421"},"modified":"2016-05-16T11:27:11","modified_gmt":"2016-05-16T16:27:11","slug":"destaca-el-director-del-imced-el-compromiso-de-silvano-aureoles-con-la-educacion","status":"publish","type":"post","link":"https:\/\/radiowebmx.com\/nota\/destaca-el-director-del-imced-el-compromiso-de-silvano-aureoles-con-la-educacion\/","title":{"rendered":"Destaca el director del IMCED el compromiso de Silvano Aureoles con la educaci\u00f3n"},"content":{"rendered":"<p>El director del Instituto Michoacano de Ciencias de la Educaci\u00f3n (IMCED), Javier Irepan Hacha, destac\u00f3 el compromiso de la administraci\u00f3n que encabeza el Gobernador Silvano Aureoles Conejo para elevar la calidad de la educaci\u00f3n.<\/p>\n<p>En este tenor, se\u00f1al\u00f3 que la evaluaci\u00f3n del servicio profesional docente tiene como objetivo fortalecer la pr\u00e1ctica docente y la preparaci\u00f3n del magisterio.<\/p>\n<p>Irepan Hacha hizo hincapi\u00e9 en que en la sociedad michoacana existe un consenso generalizado de la necesidad de evaluar al docente para determinar en qu\u00e9 medida se est\u00e1n cumpliendo las metas de calidad que se fijan en los est\u00e1ndares educativos.<\/p>\n<p>As\u00ed, apunt\u00f3, dicha evaluaci\u00f3n significa retroalimentaci\u00f3n a las instituciones educativas, a los padres de familia, a los estudiantes y a la Secretar\u00eda de Educaci\u00f3n, para detectar fortalezas y debilidades, y valorar el impacto real de los procesos educativos sobre el desarrollo de competencias b\u00e1sicas por parte de los estudiantes de Michoac\u00e1n.<\/p>\n<p>Insisti\u00f3 en que mejorar la calidad de la educaci\u00f3n requiere de compromiso, disposici\u00f3n y apertura de todos. En este sentido, dijo, se ha convocado a todos los actores implicados en el sector educativo a hacer un gran esfuerzo en continuar la v\u00eda del di\u00e1logo con el Ejecutivo para la soluci\u00f3n a sus demandas y por el beneficio de la entidad.<\/p>\n<p>Adem\u00e1s, el director del IMCED destac\u00f3 la val\u00eda del posgrado como herramienta para la evaluaci\u00f3n docente, pues cuando un profesional de la educaci\u00f3n busca la superaci\u00f3n profesional, opta por cursar grados de preparaci\u00f3n superiores, como maestr\u00edas y doctorados, los cuales le dan mejores instrumentos pedag\u00f3gicos y de ense\u00f1anza en las aulas.<\/p>\n<p>Al anunciar el periodo de registro para cursar la oferta educativa del IMCED durante el ciclo escolar 2016-2017, proceso que concluir\u00e1 en junio venidero, el directivo dio a conocer que se contar\u00e1 con siete licenciaturas en distintas vertientes, adem\u00e1s de 10 maestr\u00edas y un doctorado en educaci\u00f3n, para los cuales ya se tiene una gran demanda por parte de profesionales de la educaci\u00f3n que buscan con ello mejorar su preparaci\u00f3n.<\/p>\n<p>Tras se\u00f1alar que el IMCED tiene proyectado un crecimiento significativo, sobre todo en el posgrado, subray\u00f3 que a la fecha muchos de los egresados del Instituto han demostrado contar con los conocimientos adecuados en las \u00e1reas laborales por las cuales han optado, incluyendo evaluaciones docentes para quienes trabajan en el sector p\u00fablico.<\/p>\n","protected":false},"excerpt":{"rendered":"<p>El director del Instituto Michoacano de Ciencias de la Educaci\u00f3n (IMCED), Javier Irepan Hacha, destac\u00f3 el compromiso de la administraci\u00f3n que encabeza el Gobernador Silvano Aureoles Conejo para elevar la calidad de la educaci\u00f3n.<\/p>\n","protected":false},"author":1,"featured_media":0,"comment_status":"open","ping_status":"open","sticky":false,"template":"","format":"standard","meta":{"footnotes":""},"categories":[3],"tags":[],"class_list":["post-23421","post","type-post","status-publish","format-standard","hentry","category-gobierno-del-estado-de-michoacan"],"_links":{"self":[{"href":"https:\/\/radiowebmx.com\/nota\/wp-json\/wp\/v2\/posts\/23421","targetHints":{"allow":["GET"]}}],"collection":[{"href":"https:\/\/radiowebmx.com\/nota\/wp-json\/wp\/v2\/posts"}],"about":[{"href":"https:\/\/radiowebmx.com\/nota\/wp-json\/wp\/v2\/types\/post"}],"author":[{"embeddable":true,"href":"https:\/\/radiowebmx.com\/nota\/wp-json\/wp\/v2\/users\/1"}],"replies":[{"embeddable":true,"href":"https:\/\/radiowebmx.com\/nota\/wp-json\/wp\/v2\/comments?post=23421"}],"version-history":[{"count":1,"href":"https:\/\/radiowebmx.com\/nota\/wp-json\/wp\/v2\/posts\/23421\/revisions"}],"predecessor-version":[{"id":23422,"href":"https:\/\/radiowebmx.com\/nota\/wp-json\/wp\/v2\/posts\/23421\/revisions\/23422"}],"wp:attachment":[{"href":"https:\/\/radiowebmx.com\/nota\/wp-json\/wp\/v2\/media?parent=23421"}],"wp:term":[{"taxonomy":"category","embeddable":true,"href":"https:\/\/radiowebmx.com\/nota\/wp-json\/wp\/v2\/categories?post=23421"},{"taxonomy":"post_tag","embeddable":true,"href":"https:\/\/radiowebmx.com\/nota\/wp-json\/wp\/v2\/tags?post=23421"}],"curies":[{"name":"wp","href":"https:\/\/api.w.org\/{rel}","templated":true}]}}