{"id":2342,"date":"2013-04-22T13:09:52","date_gmt":"2013-04-22T18:09:52","guid":{"rendered":"https:\/\/radiowebmx.com\/nota\/?p=2342"},"modified":"2013-04-22T13:09:52","modified_gmt":"2013-04-22T18:09:52","slug":"gobierno-estatal-realiza-monitoreo-permanente-ante-sismo","status":"publish","type":"post","link":"https:\/\/radiowebmx.com\/nota\/gobierno-estatal-realiza-monitoreo-permanente-ante-sismo\/","title":{"rendered":"GOBIERNO ESTATAL REALIZA MONITOREO PERMANENTE ANTE SISMO"},"content":{"rendered":"<p>El gobierno del estado a trav\u00e9s de la Direcci\u00f3n de Protecci\u00f3n Civil y en coordinaci\u00f3n con el Sistema Nacional de Protecci\u00f3n Civil, realiz\u00f3 labores de monitoreo del sismo que se registr\u00f3 a las 20:16 horas de este domingo con epicentro en el municipio de L\u00e1zaro C\u00e1rdenas, para atender cualquier contingencia; por fortuna, hasta las 22:45 horas, no se report\u00f3 ninguna afectaci\u00f3n a la integridad f\u00edsica de personas, ni da\u00f1os materiales de consideraci\u00f3n en la entidad.<\/p>\n<p>La Direcci\u00f3n de PC estatal y la Comisi\u00f3n Federal de Electricidad, confirmaron algunas fallas en el suministro de energ\u00eda el\u00e9ctrica en las localidades de Playa Azul y Guacamayas, mismas que ya se est\u00e1n atendiendo.<\/p>\n<p>En la capital del estado se report\u00f3 una fuga de gas que oportunamente fue controlada.<\/p>\n<p>El gobierno de Michoac\u00e1n mantendr\u00e1 un sistema de monitoreo permanente para atender de inmediato cualquier reporte generado por este sismo y conf\u00eda en que no haya mayores afectaciones.<\/p>\n<p>El secretario de Gobierno de la entidad, Jes\u00fas Reyna Garc\u00eda, dio a conocer que por instrucci\u00f3n del gobernador Fausto Vallejo Figueroa, se mantiene coordinaci\u00f3n permanente entre el Sistema Nacional de Protecci\u00f3n Civil y la Direcci\u00f3n de Protecci\u00f3n Civil estatal, ofreci\u00f3 adem\u00e1s el apoyo a los presidentes municipales y a la ciudadan\u00eda en general ante cualquier eventualidad que llegara a presentarse.<\/p>\n<p>De acuerdo al Sistema Sismol\u00f3gico Nacional, el sismo de 5.8 grados en la escala de Richter se present\u00f3 a las 20:16 horas de este domingo, con epicentro en el municipio de L\u00e1zaro C\u00e1rdenas.<\/p>\n","protected":false},"excerpt":{"rendered":"<p>El gobierno del estado a trav\u00e9s de la Direcci\u00f3n de Protecci\u00f3n Civil y en coordinaci\u00f3n con el Sistema Nacional de Protecci\u00f3n Civil, realiz\u00f3 labores de monitoreo del sismo que se registr\u00f3 a las 20:16 horas de este domingo con epicentro en el municipio de L\u00e1zaro C\u00e1rdenas, para atender cualquier contingencia; por fortuna, hasta las 22:45 horas, no se report\u00f3 ninguna afectaci\u00f3n a la integridad f\u00edsica de personas, ni da\u00f1os materiales de consideraci\u00f3n en la entidad.<\/p>\n","protected":false},"author":1,"featured_media":0,"comment_status":"open","ping_status":"open","sticky":false,"template":"","format":"standard","meta":{"footnotes":""},"categories":[3],"tags":[],"class_list":["post-2342","post","type-post","status-publish","format-standard","hentry","category-gobierno-del-estado-de-michoacan"],"_links":{"self":[{"href":"https:\/\/radiowebmx.com\/nota\/wp-json\/wp\/v2\/posts\/2342","targetHints":{"allow":["GET"]}}],"collection":[{"href":"https:\/\/radiowebmx.com\/nota\/wp-json\/wp\/v2\/posts"}],"about":[{"href":"https:\/\/radiowebmx.com\/nota\/wp-json\/wp\/v2\/types\/post"}],"author":[{"embeddable":true,"href":"https:\/\/radiowebmx.com\/nota\/wp-json\/wp\/v2\/users\/1"}],"replies":[{"embeddable":true,"href":"https:\/\/radiowebmx.com\/nota\/wp-json\/wp\/v2\/comments?post=2342"}],"version-history":[{"count":1,"href":"https:\/\/radiowebmx.com\/nota\/wp-json\/wp\/v2\/posts\/2342\/revisions"}],"predecessor-version":[{"id":2343,"href":"https:\/\/radiowebmx.com\/nota\/wp-json\/wp\/v2\/posts\/2342\/revisions\/2343"}],"wp:attachment":[{"href":"https:\/\/radiowebmx.com\/nota\/wp-json\/wp\/v2\/media?parent=2342"}],"wp:term":[{"taxonomy":"category","embeddable":true,"href":"https:\/\/radiowebmx.com\/nota\/wp-json\/wp\/v2\/categories?post=2342"},{"taxonomy":"post_tag","embeddable":true,"href":"https:\/\/radiowebmx.com\/nota\/wp-json\/wp\/v2\/tags?post=2342"}],"curies":[{"name":"wp","href":"https:\/\/api.w.org\/{rel}","templated":true}]}}