{"id":23418,"date":"2016-05-16T11:24:58","date_gmt":"2016-05-16T16:24:58","guid":{"rendered":"https:\/\/radiowebmx.com\/nota\/?p=23418"},"modified":"2016-05-16T11:24:58","modified_gmt":"2016-05-16T16:24:58","slug":"contribuye-cobaem-al-desarrollo-del-individuo-y-a-la-disminucion-del-rezago-educativ","status":"publish","type":"post","link":"https:\/\/radiowebmx.com\/nota\/contribuye-cobaem-al-desarrollo-del-individuo-y-a-la-disminucion-del-rezago-educativ\/","title":{"rendered":"Contribuye COBAEM al desarrollo del individuo y a la disminuci\u00f3n del rezago educativ"},"content":{"rendered":"<p><a href=\"https:\/\/radiowebmx.com\/nota\/wp-content\/uploads\/2016\/05\/4b02b9da-a121-4476-a91f-c646fd15b61b.jpg\"><img loading=\"lazy\" decoding=\"async\" class=\"alignleft size-full wp-image-23419\" src=\"https:\/\/radiowebmx.com\/nota\/wp-content\/uploads\/2016\/05\/4b02b9da-a121-4476-a91f-c646fd15b61b.jpg\" alt=\"4b02b9da-a121-4476-a91f-c646fd15b61b\" width=\"591\" height=\"333\" srcset=\"https:\/\/radiowebmx.com\/nota\/wp-content\/uploads\/2016\/05\/4b02b9da-a121-4476-a91f-c646fd15b61b.jpg 591w, https:\/\/radiowebmx.com\/nota\/wp-content\/uploads\/2016\/05\/4b02b9da-a121-4476-a91f-c646fd15b61b-300x169.jpg 300w, https:\/\/radiowebmx.com\/nota\/wp-content\/uploads\/2016\/05\/4b02b9da-a121-4476-a91f-c646fd15b61b-128x72.jpg 128w\" sizes=\"auto, (max-width: 591px) 100vw, 591px\" \/><\/a>509 sustentantes provenientes de distintos municipios de los estados de Michoac\u00e1n, Guanajuato, M\u00e9xico, Jalisco, Guerrero y de M\u00e9xico aplicaron el Examen General de Competencias Disciplinarias B\u00e1sicas correspondiente al segundo periodo del 2016, que coordina el Colegio de Bachilleres del Estado de Michoac\u00e1n (COBAEM) a las personas mayores de 21 a\u00f1os que por diversas circunstancias no pudieron iniciar o concluir su nivel bachillerato.<\/p>\n<p>En las instalaciones del plantel Tar\u00edmbaro del COBAEM se realiz\u00f3 esta segunda evaluaci\u00f3n del a\u00f1o donde se aplic\u00f3 el examen en los campos disciplinares de Matem\u00e1ticas, Comunicaci\u00f3n, Humanidades, Ciencias Sociales, Ciencias Experimentales, Comprensi\u00f3n Lectora y Texto Argumentativo.<\/p>\n<p>El director general del COBAEM, Alejandro Bustos Aguilar, se present\u00f3 ante los sustentantes durante la evaluaci\u00f3n para desearles \u00e9xito y se\u00f1al\u00f3 que el Colegio de Bachilleres da seguimiento al compromiso del Gobernador del Estado, Silvano Aureoles Conejo, de implementar estrategias que disminuyan significativamente el rezago educativo para elevar la calidad de vida de las y los michoacanos.<\/p>\n<p>\u201cContribuir al desarrollo del individuo para ejercer plenamente las facultades humanas es el objetivo de la educaci\u00f3n y de las instituciones que desempe\u00f1an esta tarea, prioridad planteada y fortalecida por el COBAEM\u201d, resalt\u00f3 Bustos Aguilar.<\/p>\n<p>La directora de Educaci\u00f3n No Escolarizada, Rosalba Mora Galv\u00e1n, record\u00f3 que ya son 14 a\u00f1os los que el COBAEM tiene operando este programa, con el cual la Secretar\u00eda de Educaci\u00f3n P\u00fablica ha podido certificar a m\u00e1s de 5 mil 200 personas que han demostrado sus conocimientos, habilidades y destrezas adquiridas en forma autodidacta por medio de la experiencia laboral o por cualquier v\u00eda.<\/p>\n<p>Por \u00faltimo, las autoridades del COBAEM agradecieron al director del plantel Tar\u00edmbaro, Mois\u00e9s Gonz\u00e1lez Cort\u00e9s; al personal docente, administrativo y de servicios generales del Colegio de Bachilleres, quienes con su apoyo hicieron posible la evaluaci\u00f3n, as\u00ed como a Ruth Enr\u00edquez Rosas y Miriam Pacheco Severiano, representantes del Centro Nacional de Evaluaci\u00f3n para la Educaci\u00f3n Superior.<\/p>\n","protected":false},"excerpt":{"rendered":"<p>509 sustentantes provenientes de distintos municipios de los estados de Michoac\u00e1n, Guanajuato, M\u00e9xico, Jalisco, Guerrero y de M\u00e9xico aplicaron el Examen General de Competencias Disciplinarias B\u00e1sicas correspondiente al segundo periodo del 2016, <\/p>\n","protected":false},"author":1,"featured_media":23419,"comment_status":"open","ping_status":"open","sticky":false,"template":"","format":"standard","meta":{"footnotes":""},"categories":[14,3],"tags":[],"class_list":["post-23418","post","type-post","status-publish","format-standard","has-post-thumbnail","hentry","category-destacadas","category-gobierno-del-estado-de-michoacan"],"_links":{"self":[{"href":"https:\/\/radiowebmx.com\/nota\/wp-json\/wp\/v2\/posts\/23418","targetHints":{"allow":["GET"]}}],"collection":[{"href":"https:\/\/radiowebmx.com\/nota\/wp-json\/wp\/v2\/posts"}],"about":[{"href":"https:\/\/radiowebmx.com\/nota\/wp-json\/wp\/v2\/types\/post"}],"author":[{"embeddable":true,"href":"https:\/\/radiowebmx.com\/nota\/wp-json\/wp\/v2\/users\/1"}],"replies":[{"embeddable":true,"href":"https:\/\/radiowebmx.com\/nota\/wp-json\/wp\/v2\/comments?post=23418"}],"version-history":[{"count":1,"href":"https:\/\/radiowebmx.com\/nota\/wp-json\/wp\/v2\/posts\/23418\/revisions"}],"predecessor-version":[{"id":23420,"href":"https:\/\/radiowebmx.com\/nota\/wp-json\/wp\/v2\/posts\/23418\/revisions\/23420"}],"wp:featuredmedia":[{"embeddable":true,"href":"https:\/\/radiowebmx.com\/nota\/wp-json\/wp\/v2\/media\/23419"}],"wp:attachment":[{"href":"https:\/\/radiowebmx.com\/nota\/wp-json\/wp\/v2\/media?parent=23418"}],"wp:term":[{"taxonomy":"category","embeddable":true,"href":"https:\/\/radiowebmx.com\/nota\/wp-json\/wp\/v2\/categories?post=23418"},{"taxonomy":"post_tag","embeddable":true,"href":"https:\/\/radiowebmx.com\/nota\/wp-json\/wp\/v2\/tags?post=23418"}],"curies":[{"name":"wp","href":"https:\/\/api.w.org\/{rel}","templated":true}]}}