{"id":23411,"date":"2016-05-16T11:08:58","date_gmt":"2016-05-16T16:08:58","guid":{"rendered":"https:\/\/radiowebmx.com\/nota\/?p=23411"},"modified":"2016-05-16T11:08:58","modified_gmt":"2016-05-16T16:08:58","slug":"este-martes-inicia-la-segunda-gran-feria-del-corralon","status":"publish","type":"post","link":"https:\/\/radiowebmx.com\/nota\/este-martes-inicia-la-segunda-gran-feria-del-corralon\/","title":{"rendered":"Este martes inicia la segunda Gran Feria del Corral\u00f3n"},"content":{"rendered":"<p><a href=\"https:\/\/radiowebmx.com\/nota\/wp-content\/uploads\/2016\/05\/d3a3ad49-4378-40a4-a722-2c2f02b88636.jpg\"><img loading=\"lazy\" decoding=\"async\" class=\"alignleft size-full wp-image-23412\" src=\"https:\/\/radiowebmx.com\/nota\/wp-content\/uploads\/2016\/05\/d3a3ad49-4378-40a4-a722-2c2f02b88636.jpg\" alt=\"d3a3ad49-4378-40a4-a722-2c2f02b88636\" width=\"591\" height=\"364\" srcset=\"https:\/\/radiowebmx.com\/nota\/wp-content\/uploads\/2016\/05\/d3a3ad49-4378-40a4-a722-2c2f02b88636.jpg 591w, https:\/\/radiowebmx.com\/nota\/wp-content\/uploads\/2016\/05\/d3a3ad49-4378-40a4-a722-2c2f02b88636-300x185.jpg 300w\" sizes=\"auto, (max-width: 591px) 100vw, 591px\" \/><\/a>Con el prop\u00f3sito de facilitar a los ciudadanos la recuperaci\u00f3n de sus veh\u00edculos, este martes inicia la\u00a0 \u201cGran Feria del Corral\u00f3n\u201d, durante la cual se otorgar\u00e1 el 90% de descuento de la deuda por resguardo y el total de la deuda por infracci\u00f3n, lo cual permitir\u00e1 que los due\u00f1os se lleven de vuelta a casa sus motocicletas o autom\u00f3viles por un monto m\u00ednimo.<\/p>\n<p>Adem\u00e1s, se aplicar\u00e1 tambi\u00e9n el 90% de descuento en todas las infracciones de tr\u00e1nsito municipal, exceptuando las que conciernen al alcohol\u00edmetro, facilitando as\u00ed la recuperaci\u00f3n de licencias, placas y tarjetas de circulaci\u00f3n.<\/p>\n<p>El comit\u00e9 organizador de dicha feria, recomienda a los ciudadanos que para optimizar tiempos y dar un mejor servicio, llevar preparada y a la mano la documentaci\u00f3n requerida, ya que esto evitar\u00e1 que deban regresar otro d\u00eda y acortar\u00e1n los tiempos en filas. De igual manera, informaron que ser\u00e1 un requisito fundamental que la propiedad a recuperar no sea materia de alg\u00fan litigio.<\/p>\n<p>En el caso del descuento aplicado al adeudo de corral\u00f3n, ser\u00e1 imprescindible acreditar la propiedad del veh\u00edculo con factura original, o carta factura vigente y en caso de extrav\u00edo de las anteriores, comparecencia ante el Ministerio P\u00fablico; tambi\u00e9n ser\u00e1 necesario presentar comprobante de domicilio, identificaci\u00f3n oficial (credencial de elector, licencia de conducir o pasaporte) y en caso de ausencia del propietario, carta poder simple en primera l\u00ednea para persona f\u00edsica o poder notarial para persona moral.<\/p>\n<p>Para el resto de las multas, s\u00f3lo ser\u00e1 necesario presentar la boleta de infracci\u00f3n o en su defecto, tarjeta de circulaci\u00f3n o n\u00famero de placas.<\/p>\n<p>El horario de atenci\u00f3n para liberar veh\u00edculos, ser\u00e1 de 9:00 a 17:00 horas de lunes\u00a0 a viernes, del 17 al 31 de mayo del presente a\u00f1o, en las instalaciones de la Unidad Morelia de la Polic\u00eda Michoac\u00e1n, ubicadas en Lauro Villar sin n\u00famero, colonia La Esperanza en la salida a Quiroga.<\/p>\n","protected":false},"excerpt":{"rendered":"<p>Con el prop\u00f3sito de facilitar a los ciudadanos la recuperaci\u00f3n de sus veh\u00edculos, este martes inicia la  \u201cGran Feria del Corral\u00f3n\u201d, durante la cual se otorgar\u00e1 el 90% de descuento de la deuda por resguardo y el total de la deuda por infracci\u00f3n,<\/p>\n","protected":false},"author":1,"featured_media":23412,"comment_status":"open","ping_status":"open","sticky":false,"template":"","format":"standard","meta":{"footnotes":""},"categories":[14,9],"tags":[],"class_list":["post-23411","post","type-post","status-publish","format-standard","has-post-thumbnail","hentry","category-destacadas","category-morelia"],"_links":{"self":[{"href":"https:\/\/radiowebmx.com\/nota\/wp-json\/wp\/v2\/posts\/23411","targetHints":{"allow":["GET"]}}],"collection":[{"href":"https:\/\/radiowebmx.com\/nota\/wp-json\/wp\/v2\/posts"}],"about":[{"href":"https:\/\/radiowebmx.com\/nota\/wp-json\/wp\/v2\/types\/post"}],"author":[{"embeddable":true,"href":"https:\/\/radiowebmx.com\/nota\/wp-json\/wp\/v2\/users\/1"}],"replies":[{"embeddable":true,"href":"https:\/\/radiowebmx.com\/nota\/wp-json\/wp\/v2\/comments?post=23411"}],"version-history":[{"count":1,"href":"https:\/\/radiowebmx.com\/nota\/wp-json\/wp\/v2\/posts\/23411\/revisions"}],"predecessor-version":[{"id":23414,"href":"https:\/\/radiowebmx.com\/nota\/wp-json\/wp\/v2\/posts\/23411\/revisions\/23414"}],"wp:featuredmedia":[{"embeddable":true,"href":"https:\/\/radiowebmx.com\/nota\/wp-json\/wp\/v2\/media\/23412"}],"wp:attachment":[{"href":"https:\/\/radiowebmx.com\/nota\/wp-json\/wp\/v2\/media?parent=23411"}],"wp:term":[{"taxonomy":"category","embeddable":true,"href":"https:\/\/radiowebmx.com\/nota\/wp-json\/wp\/v2\/categories?post=23411"},{"taxonomy":"post_tag","embeddable":true,"href":"https:\/\/radiowebmx.com\/nota\/wp-json\/wp\/v2\/tags?post=23411"}],"curies":[{"name":"wp","href":"https:\/\/api.w.org\/{rel}","templated":true}]}}