{"id":23405,"date":"2016-05-16T10:59:51","date_gmt":"2016-05-16T15:59:51","guid":{"rendered":"https:\/\/radiowebmx.com\/nota\/?p=23405"},"modified":"2016-05-16T10:59:51","modified_gmt":"2016-05-16T15:59:51","slug":"la-evaluacion-docente-fundamental-para-fortalecer-la-calidad-educativa-minerva-bautista","status":"publish","type":"post","link":"https:\/\/radiowebmx.com\/nota\/la-evaluacion-docente-fundamental-para-fortalecer-la-calidad-educativa-minerva-bautista\/","title":{"rendered":"La evaluaci\u00f3n docente, fundamental para fortalecer la calidad educativa: Minerva Bautista"},"content":{"rendered":"<p><a href=\"https:\/\/radiowebmx.com\/nota\/wp-content\/uploads\/2016\/05\/f1c3d862-88dd-445e-9d4c-5185ff7b0409.jpg\"><img loading=\"lazy\" decoding=\"async\" class=\"alignleft size-full wp-image-23406\" src=\"https:\/\/radiowebmx.com\/nota\/wp-content\/uploads\/2016\/05\/f1c3d862-88dd-445e-9d4c-5185ff7b0409.jpg\" alt=\"f1c3d862-88dd-445e-9d4c-5185ff7b0409\" width=\"591\" height=\"289\" srcset=\"https:\/\/radiowebmx.com\/nota\/wp-content\/uploads\/2016\/05\/f1c3d862-88dd-445e-9d4c-5185ff7b0409.jpg 591w, https:\/\/radiowebmx.com\/nota\/wp-content\/uploads\/2016\/05\/f1c3d862-88dd-445e-9d4c-5185ff7b0409-300x147.jpg 300w\" sizes=\"auto, (max-width: 591px) 100vw, 591px\" \/><\/a>En el Colegio de Educaci\u00f3n Profesional T\u00e9cnica del Estado de Michoac\u00e1n (Conalep), la evaluaci\u00f3n continua de los docentes es un proceso fundamental para elevar la calidad educativa de los alumnos matriculados en el subsistema, destac\u00f3 su directora, Minerva Bautista G\u00f3mez.<\/p>\n<p>La funcionaria estatal resalt\u00f3 que la evaluaci\u00f3n continua de los docentes ha permitido que los estudiantes que cursan las 12 carreras t\u00e9cnicas del subsistema cuenten con las herramientas necesarias para desarrollarse laboralmente a nivel estatal, nacional e internacional.<\/p>\n<p>Se\u00f1al\u00f3 que las valoraciones a los profesores se realizan de manera integral, considerando aspectos como la planeaci\u00f3n, actualizaci\u00f3n y preparaci\u00f3n acad\u00e9mica. \u201cCada evaluaci\u00f3n va acompa\u00f1ada de un est\u00edmulo nacional\u00a0 que corresponde a la calificaci\u00f3n obtenida y motiva a nuestro cuerpo acad\u00e9mico\u201d, apunt\u00f3.<\/p>\n<p>Bautista G\u00f3mez refrend\u00f3 el compromiso de trabajar a la par de las acciones emprendidas por la administraci\u00f3n estatal encabezada por el Gobernador Silvano Aureoles Conejo, con la finalidad de abatir el rezago educativo y retomar la rector\u00eda del sector.<\/p>\n<p>Prueba de esto, es la puesta en marcha\u00a0 del programa Beca Futuro, que en una primera etapa benefici\u00f3 a 2 mil 700 alumnos del Conalep Michoac\u00e1n, quienes en su mayor\u00eda son de escasos recursos y ahora podr\u00e1n continuar sus estudios gracias al est\u00edmulo econ\u00f3mico obtenido.<\/p>\n","protected":false},"excerpt":{"rendered":"<p>En el Conalep, la evaluaci\u00f3n continua de los docentes es un proceso fundamental para elevar la calidad educativa de los alumnos matriculados en el subsistema, destac\u00f3 su directora, Minerva Bautista G\u00f3mez.<\/p>\n","protected":false},"author":1,"featured_media":23406,"comment_status":"open","ping_status":"open","sticky":false,"template":"","format":"standard","meta":{"footnotes":""},"categories":[14,3],"tags":[],"class_list":["post-23405","post","type-post","status-publish","format-standard","has-post-thumbnail","hentry","category-destacadas","category-gobierno-del-estado-de-michoacan"],"_links":{"self":[{"href":"https:\/\/radiowebmx.com\/nota\/wp-json\/wp\/v2\/posts\/23405","targetHints":{"allow":["GET"]}}],"collection":[{"href":"https:\/\/radiowebmx.com\/nota\/wp-json\/wp\/v2\/posts"}],"about":[{"href":"https:\/\/radiowebmx.com\/nota\/wp-json\/wp\/v2\/types\/post"}],"author":[{"embeddable":true,"href":"https:\/\/radiowebmx.com\/nota\/wp-json\/wp\/v2\/users\/1"}],"replies":[{"embeddable":true,"href":"https:\/\/radiowebmx.com\/nota\/wp-json\/wp\/v2\/comments?post=23405"}],"version-history":[{"count":1,"href":"https:\/\/radiowebmx.com\/nota\/wp-json\/wp\/v2\/posts\/23405\/revisions"}],"predecessor-version":[{"id":23407,"href":"https:\/\/radiowebmx.com\/nota\/wp-json\/wp\/v2\/posts\/23405\/revisions\/23407"}],"wp:featuredmedia":[{"embeddable":true,"href":"https:\/\/radiowebmx.com\/nota\/wp-json\/wp\/v2\/media\/23406"}],"wp:attachment":[{"href":"https:\/\/radiowebmx.com\/nota\/wp-json\/wp\/v2\/media?parent=23405"}],"wp:term":[{"taxonomy":"category","embeddable":true,"href":"https:\/\/radiowebmx.com\/nota\/wp-json\/wp\/v2\/categories?post=23405"},{"taxonomy":"post_tag","embeddable":true,"href":"https:\/\/radiowebmx.com\/nota\/wp-json\/wp\/v2\/tags?post=23405"}],"curies":[{"name":"wp","href":"https:\/\/api.w.org\/{rel}","templated":true}]}}