{"id":23398,"date":"2016-05-13T13:26:37","date_gmt":"2016-05-13T18:26:37","guid":{"rendered":"https:\/\/radiowebmx.com\/nota\/?p=23398"},"modified":"2016-05-13T13:26:37","modified_gmt":"2016-05-13T18:26:37","slug":"sicdet-fortalecera-el-programa-estimulos-a-la-innovacion","status":"publish","type":"post","link":"https:\/\/radiowebmx.com\/nota\/sicdet-fortalecera-el-programa-estimulos-a-la-innovacion\/","title":{"rendered":"Sicdet fortalecer\u00e1 el programa Est\u00edmulos a la Innovaci\u00f3n"},"content":{"rendered":"<p><a href=\"https:\/\/radiowebmx.com\/nota\/wp-content\/uploads\/2016\/05\/345000d3-66b7-40be-919d-5eb6d4b1cb1b.jpg\"><img loading=\"lazy\" decoding=\"async\" class=\"alignleft size-full wp-image-23399\" src=\"https:\/\/radiowebmx.com\/nota\/wp-content\/uploads\/2016\/05\/345000d3-66b7-40be-919d-5eb6d4b1cb1b.jpg\" alt=\"345000d3-66b7-40be-919d-5eb6d4b1cb1b\" width=\"591\" height=\"261\" srcset=\"https:\/\/radiowebmx.com\/nota\/wp-content\/uploads\/2016\/05\/345000d3-66b7-40be-919d-5eb6d4b1cb1b.jpg 591w, https:\/\/radiowebmx.com\/nota\/wp-content\/uploads\/2016\/05\/345000d3-66b7-40be-919d-5eb6d4b1cb1b-300x132.jpg 300w\" sizes=\"auto, (max-width: 591px) 100vw, 591px\" \/><\/a>El titular de la Secretar\u00eda de Innovaci\u00f3n, Ciencia y Desarrollo Tecnol\u00f3gico (Sicdet), Jos\u00e9 Luis Monta\u00f1ez, particip\u00f3 en la Segunda Reuni\u00f3n Ordinaria de la Red Nacional de Consejos y Organismos de Ciencia y Tecnolog\u00eda (Rednacecyt) realizada en Guanajuato y que re\u00fane a los titulares de los consejos estatales y secretar\u00edas que conducen las pol\u00edticas p\u00fablicas en materia de innovaci\u00f3n, ciencia y desarrollo tecnol\u00f3gico en los estados de la Rep\u00fablica.<\/p>\n<p>La Sicdet elev\u00f3 al pleno de la Rednacecyt un an\u00e1lisis realizado sobre la figura de los subcomit\u00e9s estatales de evaluaci\u00f3n, \u00f3rganos colegiados encargados de regular en las entidades federativas la operaci\u00f3n de uno de los programas emblem\u00e1ticos del Consejo Nacional de Ciencia y Tecnolog\u00eda: el Programa de Est\u00edmulos a la Investigaci\u00f3n, Desarrollo Tecnol\u00f3gico e Innovaci\u00f3n (PEI).<\/p>\n<p>El PEI otorga apoyos a empresas que inviertan en proyectos de investigaci\u00f3n, desarrollo de tecnolog\u00eda e innovaci\u00f3n que tengan como objetivo el desarrollo de nuevos productos, procesos y servicios, incentivando en todo el pa\u00eds la inversi\u00f3n privada en estas \u00e1reas y aportando mecanismos de vinculaci\u00f3n, impulso a la propiedad intelectual y formaci\u00f3n de recursos humanos altamente especializados, promoviendo a la par su incorporaci\u00f3n a las empresas.<\/p>\n<p>As\u00ed, cada entidad federativa es sujeta de apoyo con una bolsa de recursos que se entregar\u00e1n a las empresas cuyos proyectos encuadren en alguna de las tres modalidades posibles; a saber, INNOVAPYME, dirigida a la innovaci\u00f3n tecnol\u00f3gica en las mipymes; INNOVATEC, dise\u00f1ada para grandes empresas; y PROINNOVA, que se destina a propuestas en vinculaci\u00f3n con al menos dos instituciones de educaci\u00f3n superior o centros de investigaci\u00f3n.<\/p>\n<p>En este contexto, la Sicdet present\u00f3 una propuesta para fortalecer la figura de los subcomit\u00e9s estatales de evaluaci\u00f3n del PEI al identificar en primer t\u00e9rmino las \u00e1reas susceptibles de mejora y proponer sugerencias para elaborar una reingenier\u00eda respecto a los procesos, la programaci\u00f3n de actividades, la gesti\u00f3n de datos e informaci\u00f3n, fortalecimiento de los evaluadores, capacitaci\u00f3n y una mayor integraci\u00f3n del subcomit\u00e9, que permita incrementar los espacios de decisi\u00f3n y realizar gestiones por mayores bolsas de recursos para las entidades federativas.<\/p>\n<p>Adem\u00e1s, la Sicdet fue propuesta para participar en dos comisiones: la primera, para desarrollar un redise\u00f1o institucional orientado a incrementar los presupuestos destinados a los consejos y organismos de ciencia, tecnolog\u00eda e innovaci\u00f3n; y la segunda, para adecuar estatutos de la Rednacecyt que permitan mejorar la comunicaci\u00f3n e interacci\u00f3n con entidades relacionadas al sector, en el pa\u00eds y el extranjero, as\u00ed como mejorar la interrelaci\u00f3n entre los propios consejos.<\/p>\n<p>Jos\u00e9 Luis Monta\u00f1ez apunt\u00f3 que las capacidades reunidas en la Rednacecyt permiten un di\u00e1logo directo y constructivo con la federaci\u00f3n y transversal a todas las entidades de la Rep\u00fablica, lo que facilita la tarea de los organismos estatales y su capacidad de generar beneficio social.<\/p>\n","protected":false},"excerpt":{"rendered":"<p>El titular de la Sicdet, Jos\u00e9 Luis Monta\u00f1ez, particip\u00f3 en la Segunda Rednacecyt realizada en Guanajuato y que re\u00fane a los titulares de los consejos estatales y secretar\u00edas que conducen las pol\u00edticas p\u00fablicas en materia de innovaci\u00f3n, ciencia y desarrollo tecnol\u00f3gico en los estados de la Rep\u00fablica.<\/p>\n","protected":false},"author":1,"featured_media":23399,"comment_status":"open","ping_status":"open","sticky":false,"template":"","format":"standard","meta":{"footnotes":""},"categories":[14,3],"tags":[],"class_list":["post-23398","post","type-post","status-publish","format-standard","has-post-thumbnail","hentry","category-destacadas","category-gobierno-del-estado-de-michoacan"],"_links":{"self":[{"href":"https:\/\/radiowebmx.com\/nota\/wp-json\/wp\/v2\/posts\/23398","targetHints":{"allow":["GET"]}}],"collection":[{"href":"https:\/\/radiowebmx.com\/nota\/wp-json\/wp\/v2\/posts"}],"about":[{"href":"https:\/\/radiowebmx.com\/nota\/wp-json\/wp\/v2\/types\/post"}],"author":[{"embeddable":true,"href":"https:\/\/radiowebmx.com\/nota\/wp-json\/wp\/v2\/users\/1"}],"replies":[{"embeddable":true,"href":"https:\/\/radiowebmx.com\/nota\/wp-json\/wp\/v2\/comments?post=23398"}],"version-history":[{"count":1,"href":"https:\/\/radiowebmx.com\/nota\/wp-json\/wp\/v2\/posts\/23398\/revisions"}],"predecessor-version":[{"id":23400,"href":"https:\/\/radiowebmx.com\/nota\/wp-json\/wp\/v2\/posts\/23398\/revisions\/23400"}],"wp:featuredmedia":[{"embeddable":true,"href":"https:\/\/radiowebmx.com\/nota\/wp-json\/wp\/v2\/media\/23399"}],"wp:attachment":[{"href":"https:\/\/radiowebmx.com\/nota\/wp-json\/wp\/v2\/media?parent=23398"}],"wp:term":[{"taxonomy":"category","embeddable":true,"href":"https:\/\/radiowebmx.com\/nota\/wp-json\/wp\/v2\/categories?post=23398"},{"taxonomy":"post_tag","embeddable":true,"href":"https:\/\/radiowebmx.com\/nota\/wp-json\/wp\/v2\/tags?post=23398"}],"curies":[{"name":"wp","href":"https:\/\/api.w.org\/{rel}","templated":true}]}}