{"id":23395,"date":"2016-05-13T13:22:09","date_gmt":"2016-05-13T18:22:09","guid":{"rendered":"https:\/\/radiowebmx.com\/nota\/?p=23395"},"modified":"2016-05-13T13:22:09","modified_gmt":"2016-05-13T18:22:09","slug":"educacion-prioridad-para-el-ayuntamiento-de-morelia","status":"publish","type":"post","link":"https:\/\/radiowebmx.com\/nota\/educacion-prioridad-para-el-ayuntamiento-de-morelia\/","title":{"rendered":"Educaci\u00f3n, prioridad para el Ayuntamiento de Morelia"},"content":{"rendered":"<p><a href=\"https:\/\/radiowebmx.com\/nota\/wp-content\/uploads\/2016\/05\/45e0d595-138a-4d0a-b631-4d376a4e2363.jpg\"><img loading=\"lazy\" decoding=\"async\" class=\"alignleft size-full wp-image-23396\" src=\"https:\/\/radiowebmx.com\/nota\/wp-content\/uploads\/2016\/05\/45e0d595-138a-4d0a-b631-4d376a4e2363.jpg\" alt=\"45e0d595-138a-4d0a-b631-4d376a4e2363\" width=\"591\" height=\"311\" srcset=\"https:\/\/radiowebmx.com\/nota\/wp-content\/uploads\/2016\/05\/45e0d595-138a-4d0a-b631-4d376a4e2363.jpg 591w, https:\/\/radiowebmx.com\/nota\/wp-content\/uploads\/2016\/05\/45e0d595-138a-4d0a-b631-4d376a4e2363-300x158.jpg 300w\" sizes=\"auto, (max-width: 591px) 100vw, 591px\" \/><\/a>Durante la Administraci\u00f3n que encabeza el Presidente Municipal de Morelia, Alfonso Mart\u00ednez Alc\u00e1zar, la educaci\u00f3n ser\u00e1 una prioridad por lo que apoyar\u00e1 a todos aquellos proyectos orientados a mejorar la calidad de los centros educativos para as\u00ed brindarles a los estudiantes las condiciones adecuadas para recibir una formaci\u00f3n de calidad.<\/p>\n<p>Bajo este esquema, en Sesi\u00f3n de Cabildo celebrada la tarde de este jueves, el \u00d3rgano Colegiado aprob\u00f3 por unanimidad el dictamen mediante el cual se dona un predio municipal a favor del Organismo Descentralizado de la Administraci\u00f3n P\u00fablica del Estado, denominado Colegio de Bachilleres.<\/p>\n<p>Se explic\u00f3 que la superficie del terreno es de 18 mil 185.99 metros cuadrados, el cual est\u00e1 ubicado en la privada Melchor Ocampo de la Tenencia de Jes\u00fas del Monte, un predio mejor conocido como La Palma.<\/p>\n<p>Con estas acciones, el Alcalde, Alfonso Mart\u00ednez reiter\u00f3 su compromiso de trabajar en beneficio de la ciudadan\u00eda apegado en la legalidad y siempre bajo transparencia.<\/p>\n<p>De la misma forma, se comprometi\u00f3 a buscar soluci\u00f3n a la petici\u00f3n realizada por los habitantes del fraccionamiento Lomas de la Maestranza, referente a la donaci\u00f3n de un predio la cual se declar\u00f3 improcedente debido a que este no es propiedad del municipio.<\/p>\n<p>Subray\u00f3 que esta solicitud realizada para la creaci\u00f3n de un centro educativo ser\u00e1 regresada a la Comisi\u00f3n de Hacienda, Financiamiento y Patrimonio, de tal forma que el municipio pueda acompa\u00f1ar el proceso para brindar una mejor soluci\u00f3n para los habitantes de dicha zona de la ciudad.<\/p>\n<p>Asimismo, con el objetivo de garantizar el respeto a los Derechos Humanos de los ciudadanos, durante esta misma Sesi\u00f3n Ordinara se acord\u00f3 reformar el Bando Municipal, para crear la Direcci\u00f3n de Derechos Humanos, Mediaci\u00f3n y Conciliaci\u00f3n, la cual atender\u00e1 aquellos casos en donde los morelianos perciban que alg\u00fan funcionario o trabajador ha violentado sus principios b\u00e1sicos como ser humano.<\/p>\n<p>En este tenor la Regidora, Alma Rosa Bahena Villalobos, reconoci\u00f3 el trabajo realizado por las comisiones conjuntas de Gobernaci\u00f3n, Trabajo, Seguridad P\u00fablica y Protecci\u00f3n Civil, y Especial de Atenci\u00f3n a Grupos Vulnerables, ya que con esto se garantiza la defensa de los derechos humanos.<\/p>\n<p>Finalmente explic\u00f3 que esta Direcci\u00f3n contar\u00e1 con dos jefaturas de departamento, una que se especialice en el tema de derechos humanos y la otra en mediaci\u00f3n y conciliaci\u00f3n, \u201ccon esto estamos garantizando que con el mismo personal, el mismo presupuesto, sin incrementar al Cap\u00edtulo 1000, tengamos una oficina encargada de dirigir las pol\u00edticas p\u00fablicas que debe promover el Ayuntamiento, respetuoso de los Derechos Humanos\u201d, finaliz\u00f3.<\/p>\n","protected":false},"excerpt":{"rendered":"<p>Durante la Administraci\u00f3n que encabeza el Presidente Municipal de Morelia, Alfonso Mart\u00ednez Alc\u00e1zar, la educaci\u00f3n ser\u00e1 una prioridad por lo que apoyar\u00e1 a todos aquellos proyectos orientados a mejorar la calidad de los centros educativos <\/p>\n","protected":false},"author":1,"featured_media":23396,"comment_status":"open","ping_status":"open","sticky":false,"template":"","format":"standard","meta":{"footnotes":""},"categories":[14,9],"tags":[],"class_list":["post-23395","post","type-post","status-publish","format-standard","has-post-thumbnail","hentry","category-destacadas","category-morelia"],"_links":{"self":[{"href":"https:\/\/radiowebmx.com\/nota\/wp-json\/wp\/v2\/posts\/23395","targetHints":{"allow":["GET"]}}],"collection":[{"href":"https:\/\/radiowebmx.com\/nota\/wp-json\/wp\/v2\/posts"}],"about":[{"href":"https:\/\/radiowebmx.com\/nota\/wp-json\/wp\/v2\/types\/post"}],"author":[{"embeddable":true,"href":"https:\/\/radiowebmx.com\/nota\/wp-json\/wp\/v2\/users\/1"}],"replies":[{"embeddable":true,"href":"https:\/\/radiowebmx.com\/nota\/wp-json\/wp\/v2\/comments?post=23395"}],"version-history":[{"count":1,"href":"https:\/\/radiowebmx.com\/nota\/wp-json\/wp\/v2\/posts\/23395\/revisions"}],"predecessor-version":[{"id":23397,"href":"https:\/\/radiowebmx.com\/nota\/wp-json\/wp\/v2\/posts\/23395\/revisions\/23397"}],"wp:featuredmedia":[{"embeddable":true,"href":"https:\/\/radiowebmx.com\/nota\/wp-json\/wp\/v2\/media\/23396"}],"wp:attachment":[{"href":"https:\/\/radiowebmx.com\/nota\/wp-json\/wp\/v2\/media?parent=23395"}],"wp:term":[{"taxonomy":"category","embeddable":true,"href":"https:\/\/radiowebmx.com\/nota\/wp-json\/wp\/v2\/categories?post=23395"},{"taxonomy":"post_tag","embeddable":true,"href":"https:\/\/radiowebmx.com\/nota\/wp-json\/wp\/v2\/tags?post=23395"}],"curies":[{"name":"wp","href":"https:\/\/api.w.org\/{rel}","templated":true}]}}