{"id":23392,"date":"2016-05-13T13:19:33","date_gmt":"2016-05-13T18:19:33","guid":{"rendered":"https:\/\/radiowebmx.com\/nota\/?p=23392"},"modified":"2016-05-13T13:19:33","modified_gmt":"2016-05-13T18:19:33","slug":"la-univim-llega-a-36-municipios-michoacanos","status":"publish","type":"post","link":"https:\/\/radiowebmx.com\/nota\/la-univim-llega-a-36-municipios-michoacanos\/","title":{"rendered":"La Univim llega a 36 municipios michoacanos"},"content":{"rendered":"<p><a href=\"https:\/\/radiowebmx.com\/nota\/wp-content\/uploads\/2016\/05\/a11fcf6f-38c6-4107-a1ab-249b91d582e4.jpg\"><img loading=\"lazy\" decoding=\"async\" class=\"alignleft size-full wp-image-23393\" src=\"https:\/\/radiowebmx.com\/nota\/wp-content\/uploads\/2016\/05\/a11fcf6f-38c6-4107-a1ab-249b91d582e4.jpg\" alt=\"a11fcf6f-38c6-4107-a1ab-249b91d582e4\" width=\"591\" height=\"285\" srcset=\"https:\/\/radiowebmx.com\/nota\/wp-content\/uploads\/2016\/05\/a11fcf6f-38c6-4107-a1ab-249b91d582e4.jpg 591w, https:\/\/radiowebmx.com\/nota\/wp-content\/uploads\/2016\/05\/a11fcf6f-38c6-4107-a1ab-249b91d582e4-300x145.jpg 300w\" sizes=\"auto, (max-width: 591px) 100vw, 591px\" \/><\/a>En seguimiento a una de las principales l\u00edneas de trabajo del Gobernador del Estado, Silvano Aureoles Conejo, la rectora de la Universidad Virtual de Michoac\u00e1n (Univim), Silvia Mendoza Valenzuela, y cuatro presidentes municipales de la entidad signaron el convenio de colaboraci\u00f3n interinstitucional para la instalaci\u00f3n de Unidades Virtuales de Extensi\u00f3n Universitaria (UVEUs).<\/p>\n<p>En su intervenci\u00f3n, la rectora de la Univim dijo sentirse orgullosa por la presencia que la casa de estudios tiene en todo el territorio michoacano y se\u00f1al\u00f3 que ya son 36 los presidentes municipales que signan este convenio para que la educaci\u00f3n llegue a sus demarcaciones, con lo que le cumplen a los ciudadanos, ya que la universidad en l\u00ednea es una alternativa para llevar a sus comunidades educaci\u00f3n de calidad para las y los michoacanos.<\/p>\n<p>Indic\u00f3 que en la Univim se avanza en la tarea de llevar educaci\u00f3n superior a todos los rincones de Michoac\u00e1n, toda vez que se ha logrado incrementar la cobertura con las UVEUs, por lo que puntualiz\u00f3 que el siguiente paso ser\u00e1 ver los resultados de los centros virtuales con la incorporaci\u00f3n de los egresados al campo laboral para mejorar su calidad de vida.<\/p>\n<p>Los presidentes municipales que signaron el convenio de colaboraci\u00f3n interinstitucional con la Univim son Luis Maciel Mendoza, de Chavinda; Jos\u00e9 Cuauht\u00e9moc Vega Robledo, de Pur\u00e9pero; Alejandro Ch\u00e1vez Zavala, de Taretan, y Juan Carlos Hern\u00e1ndez Rodr\u00edguez, de Charapan.<\/p>\n<p>Los presidentes municipales que firmaron el convenio coincidieron en se\u00f1alar que la educaci\u00f3n es la base para una mejor sociedad y con ello llevar a los michoacanos hacia un futuro prometedor.<\/p>\n<p>Destacaron que la Univim es una gran alternativa para que los j\u00f3venes puedan terminar una licenciatura, ya que uno de sus prop\u00f3sitos como presidentes municipales es apostarle a la educaci\u00f3n de calidad en las comunidades.<\/p>\n<p>A la firma del convenio asistieron como testigos de honor Martha Amalia \u00c1valos Medina, jefa del Departamento de Educaci\u00f3n Superior, en representaci\u00f3n del subsecretario de Educaci\u00f3n Media Superior y Superior en el Estado; Apolinar Serv\u00edn Arregu\u00edn, director de Desarrollo Tecnol\u00f3gico; Dulce Rosas Mendieta, directora del \u00c1rea Acad\u00e9mica, y Sergio Moreno Vargas, director de Planeaci\u00f3n de la Univim.<\/p>\n","protected":false},"excerpt":{"rendered":"<p>En seguimiento a una de las principales l\u00edneas de trabajo del Gobernador del Estado, Silvano Aureoles Conejo, la rectora de la Univim, Silvia Mendoza Valenzuela, y cuatro presidentes municipales de la entidad signaron el convenio de colaboraci\u00f3n interinstitucional para la instalaci\u00f3n de UVEUs.<\/p>\n","protected":false},"author":1,"featured_media":23393,"comment_status":"open","ping_status":"open","sticky":false,"template":"","format":"standard","meta":{"footnotes":""},"categories":[14,3],"tags":[],"class_list":["post-23392","post","type-post","status-publish","format-standard","has-post-thumbnail","hentry","category-destacadas","category-gobierno-del-estado-de-michoacan"],"_links":{"self":[{"href":"https:\/\/radiowebmx.com\/nota\/wp-json\/wp\/v2\/posts\/23392","targetHints":{"allow":["GET"]}}],"collection":[{"href":"https:\/\/radiowebmx.com\/nota\/wp-json\/wp\/v2\/posts"}],"about":[{"href":"https:\/\/radiowebmx.com\/nota\/wp-json\/wp\/v2\/types\/post"}],"author":[{"embeddable":true,"href":"https:\/\/radiowebmx.com\/nota\/wp-json\/wp\/v2\/users\/1"}],"replies":[{"embeddable":true,"href":"https:\/\/radiowebmx.com\/nota\/wp-json\/wp\/v2\/comments?post=23392"}],"version-history":[{"count":1,"href":"https:\/\/radiowebmx.com\/nota\/wp-json\/wp\/v2\/posts\/23392\/revisions"}],"predecessor-version":[{"id":23394,"href":"https:\/\/radiowebmx.com\/nota\/wp-json\/wp\/v2\/posts\/23392\/revisions\/23394"}],"wp:featuredmedia":[{"embeddable":true,"href":"https:\/\/radiowebmx.com\/nota\/wp-json\/wp\/v2\/media\/23393"}],"wp:attachment":[{"href":"https:\/\/radiowebmx.com\/nota\/wp-json\/wp\/v2\/media?parent=23392"}],"wp:term":[{"taxonomy":"category","embeddable":true,"href":"https:\/\/radiowebmx.com\/nota\/wp-json\/wp\/v2\/categories?post=23392"},{"taxonomy":"post_tag","embeddable":true,"href":"https:\/\/radiowebmx.com\/nota\/wp-json\/wp\/v2\/tags?post=23392"}],"curies":[{"name":"wp","href":"https:\/\/api.w.org\/{rel}","templated":true}]}}