{"id":23389,"date":"2016-05-13T13:16:01","date_gmt":"2016-05-13T18:16:01","guid":{"rendered":"https:\/\/radiowebmx.com\/nota\/?p=23389"},"modified":"2016-05-13T13:16:01","modified_gmt":"2016-05-13T18:16:01","slug":"ayuntamiento-de-morelia-conmemora-aniversario-luctuoso-de-isaac-arriaga","status":"publish","type":"post","link":"https:\/\/radiowebmx.com\/nota\/ayuntamiento-de-morelia-conmemora-aniversario-luctuoso-de-isaac-arriaga\/","title":{"rendered":"Ayuntamiento de Morelia conmemora Aniversario Luctuoso de Isaac Arriaga"},"content":{"rendered":"<p><a href=\"https:\/\/radiowebmx.com\/nota\/wp-content\/uploads\/2016\/05\/6678e701-ce3b-4609-8dfb-782b7d7f9ca3.jpg\"><img loading=\"lazy\" decoding=\"async\" class=\"alignleft size-full wp-image-23390\" src=\"https:\/\/radiowebmx.com\/nota\/wp-content\/uploads\/2016\/05\/6678e701-ce3b-4609-8dfb-782b7d7f9ca3.jpg\" alt=\"6678e701-ce3b-4609-8dfb-782b7d7f9ca3\" width=\"591\" height=\"332\" srcset=\"https:\/\/radiowebmx.com\/nota\/wp-content\/uploads\/2016\/05\/6678e701-ce3b-4609-8dfb-782b7d7f9ca3.jpg 591w, https:\/\/radiowebmx.com\/nota\/wp-content\/uploads\/2016\/05\/6678e701-ce3b-4609-8dfb-782b7d7f9ca3-300x169.jpg 300w, https:\/\/radiowebmx.com\/nota\/wp-content\/uploads\/2016\/05\/6678e701-ce3b-4609-8dfb-782b7d7f9ca3-128x72.jpg 128w\" sizes=\"auto, (max-width: 591px) 100vw, 591px\" \/><\/a>El Ayuntamiento de Morelia conmemor\u00f3 el XCV Aniversario Luctuoso de Don Jos\u00e9 Isaac Arriaga Ledesma, acto encabezado por el S\u00edndico\u00a0Municipal, Fabio Sistos Rangel y el Secretario del Ayuntamiento, Jes\u00fas \u00c1valos Plata, as\u00ed como autoridades de los distintos \u00f3rdenes de Gobierno.<\/p>\n<p>En este marco, se realiz\u00f3 el dep\u00f3sito de ofrenda floral y guardia de honor en donde se ubica el monolito en honor al luchador social y defensor de los derechos de obreros y campesinos.<\/p>\n<p>Jos\u00e9 Isaac Arriaga naci\u00f3 en Puru\u00e1ndiro, Michoac\u00e1n, en la Hacienda Santa Ana Mancera, el primero de junio de 1890 y muri\u00f3 el 12 de mayo de 1921, asesinado en la capital de Michoac\u00e1n.<\/p>\n<p>Estudiante de medicina, dej\u00f3 la universidad para incorporarse a la Revoluci\u00f3n, milit\u00f3 en las filas de los protagonistas de la revoluci\u00f3n social m\u00e1s avanzada del siglo XX en M\u00e9xico.<\/p>\n<p>La vida de Isaac Arriaga, estudiante y profesor del colegio de San Nicol\u00e1s, activista pol\u00edtico, revolucionario fue recordada esta ma\u00f1ana de jueves, con solemnidad y reconocimiento a su obra y legado.<\/p>\n","protected":false},"excerpt":{"rendered":"<p>El Ayuntamiento de Morelia conmemor\u00f3 el XCV Aniversario Luctuoso de Don Jos\u00e9 Isaac Arriaga Ledesma, acto encabezado por el S\u00edndico Municipal, Fabio Sistos Rangel y el Secretario del Ayuntamiento, Jes\u00fas \u00c1valos Plata, as\u00ed como autoridades de los distintos \u00f3rdenes de Gobierno.<\/p>\n","protected":false},"author":1,"featured_media":23390,"comment_status":"open","ping_status":"open","sticky":false,"template":"","format":"standard","meta":{"footnotes":""},"categories":[14,9],"tags":[],"class_list":["post-23389","post","type-post","status-publish","format-standard","has-post-thumbnail","hentry","category-destacadas","category-morelia"],"_links":{"self":[{"href":"https:\/\/radiowebmx.com\/nota\/wp-json\/wp\/v2\/posts\/23389","targetHints":{"allow":["GET"]}}],"collection":[{"href":"https:\/\/radiowebmx.com\/nota\/wp-json\/wp\/v2\/posts"}],"about":[{"href":"https:\/\/radiowebmx.com\/nota\/wp-json\/wp\/v2\/types\/post"}],"author":[{"embeddable":true,"href":"https:\/\/radiowebmx.com\/nota\/wp-json\/wp\/v2\/users\/1"}],"replies":[{"embeddable":true,"href":"https:\/\/radiowebmx.com\/nota\/wp-json\/wp\/v2\/comments?post=23389"}],"version-history":[{"count":1,"href":"https:\/\/radiowebmx.com\/nota\/wp-json\/wp\/v2\/posts\/23389\/revisions"}],"predecessor-version":[{"id":23391,"href":"https:\/\/radiowebmx.com\/nota\/wp-json\/wp\/v2\/posts\/23389\/revisions\/23391"}],"wp:featuredmedia":[{"embeddable":true,"href":"https:\/\/radiowebmx.com\/nota\/wp-json\/wp\/v2\/media\/23390"}],"wp:attachment":[{"href":"https:\/\/radiowebmx.com\/nota\/wp-json\/wp\/v2\/media?parent=23389"}],"wp:term":[{"taxonomy":"category","embeddable":true,"href":"https:\/\/radiowebmx.com\/nota\/wp-json\/wp\/v2\/categories?post=23389"},{"taxonomy":"post_tag","embeddable":true,"href":"https:\/\/radiowebmx.com\/nota\/wp-json\/wp\/v2\/tags?post=23389"}],"curies":[{"name":"wp","href":"https:\/\/api.w.org\/{rel}","templated":true}]}}