{"id":23386,"date":"2016-05-13T12:22:53","date_gmt":"2016-05-13T17:22:53","guid":{"rendered":"https:\/\/radiowebmx.com\/nota\/?p=23386"},"modified":"2016-05-13T12:22:53","modified_gmt":"2016-05-13T17:22:53","slug":"conalep-promueve-su-oferta-educativa-en-la-expo-fiesta-michoacan","status":"publish","type":"post","link":"https:\/\/radiowebmx.com\/nota\/conalep-promueve-su-oferta-educativa-en-la-expo-fiesta-michoacan\/","title":{"rendered":"Conalep promueve su oferta educativa en la Expo Fiesta Michoac\u00e1n"},"content":{"rendered":"<p><a href=\"https:\/\/radiowebmx.com\/nota\/wp-content\/uploads\/2016\/05\/b283d79b-447b-4227-a0dc-4f5c311a9b7f.jpg\"><img loading=\"lazy\" decoding=\"async\" class=\"alignleft size-full wp-image-23387\" src=\"https:\/\/radiowebmx.com\/nota\/wp-content\/uploads\/2016\/05\/b283d79b-447b-4227-a0dc-4f5c311a9b7f.jpg\" alt=\"b283d79b-447b-4227-a0dc-4f5c311a9b7f\" width=\"591\" height=\"347\" srcset=\"https:\/\/radiowebmx.com\/nota\/wp-content\/uploads\/2016\/05\/b283d79b-447b-4227-a0dc-4f5c311a9b7f.jpg 591w, https:\/\/radiowebmx.com\/nota\/wp-content\/uploads\/2016\/05\/b283d79b-447b-4227-a0dc-4f5c311a9b7f-300x176.jpg 300w\" sizes=\"auto, (max-width: 591px) 100vw, 591px\" \/><\/a>Las y los interesados en ingresar a los planteles Morelia I y II del Conalep pueden solicitar su ficha de ingreso en el stand de la instituci\u00f3n ubicado en la Expo Fiesta Michoac\u00e1n 2016, espacio en el que se puede interactuar con alumnos y alumnas de diversas carreras.<\/p>\n<p>Las alternativas acad\u00e9micas son Alimentos y Bebidas, Contabilidad, Hospitalidad Tur\u00edstica, Mantenimiento Automotriz, Inform\u00e1tica, Mantenimiento de Sistemas Electr\u00f3nicos, Soporte y Mantenimiento de Equipo de C\u00f3mputo.<\/p>\n<p>Los requisitos de admisi\u00f3n son: acta de nacimiento en original y copia, certificado de secundaria o constancia de estar cursando el tercer a\u00f1o; dos fotograf\u00edas tama\u00f1o infantil, de frente, a color o blanco y negro; comprobante de domicilio; copia de la CURP y pago por derecho a examen.<\/p>\n<p>Las fechas programadas para la aplicaci\u00f3n de la prueba son el 4 de junio y el 9 de julio, en los 13 planteles del \u00a0Colegio de Educaci\u00f3n Profesional T\u00e9cnica del Estado de Michoac\u00e1n.<\/p>\n","protected":false},"excerpt":{"rendered":"<p>Las y los interesados en ingresar a los planteles Morelia I y II del Conalep pueden solicitar su ficha de ingreso en el stand de la instituci\u00f3n ubicado en la Expo Fiesta Michoac\u00e1n 2016, espacio en el que se puede interactuar con alumnos y alumnas de diversas carreras.<\/p>\n","protected":false},"author":1,"featured_media":23387,"comment_status":"open","ping_status":"open","sticky":false,"template":"","format":"standard","meta":{"footnotes":""},"categories":[14,3],"tags":[],"class_list":["post-23386","post","type-post","status-publish","format-standard","has-post-thumbnail","hentry","category-destacadas","category-gobierno-del-estado-de-michoacan"],"_links":{"self":[{"href":"https:\/\/radiowebmx.com\/nota\/wp-json\/wp\/v2\/posts\/23386","targetHints":{"allow":["GET"]}}],"collection":[{"href":"https:\/\/radiowebmx.com\/nota\/wp-json\/wp\/v2\/posts"}],"about":[{"href":"https:\/\/radiowebmx.com\/nota\/wp-json\/wp\/v2\/types\/post"}],"author":[{"embeddable":true,"href":"https:\/\/radiowebmx.com\/nota\/wp-json\/wp\/v2\/users\/1"}],"replies":[{"embeddable":true,"href":"https:\/\/radiowebmx.com\/nota\/wp-json\/wp\/v2\/comments?post=23386"}],"version-history":[{"count":1,"href":"https:\/\/radiowebmx.com\/nota\/wp-json\/wp\/v2\/posts\/23386\/revisions"}],"predecessor-version":[{"id":23388,"href":"https:\/\/radiowebmx.com\/nota\/wp-json\/wp\/v2\/posts\/23386\/revisions\/23388"}],"wp:featuredmedia":[{"embeddable":true,"href":"https:\/\/radiowebmx.com\/nota\/wp-json\/wp\/v2\/media\/23387"}],"wp:attachment":[{"href":"https:\/\/radiowebmx.com\/nota\/wp-json\/wp\/v2\/media?parent=23386"}],"wp:term":[{"taxonomy":"category","embeddable":true,"href":"https:\/\/radiowebmx.com\/nota\/wp-json\/wp\/v2\/categories?post=23386"},{"taxonomy":"post_tag","embeddable":true,"href":"https:\/\/radiowebmx.com\/nota\/wp-json\/wp\/v2\/tags?post=23386"}],"curies":[{"name":"wp","href":"https:\/\/api.w.org\/{rel}","templated":true}]}}