{"id":23378,"date":"2016-05-13T12:06:23","date_gmt":"2016-05-13T17:06:23","guid":{"rendered":"https:\/\/radiowebmx.com\/nota\/?p=23378"},"modified":"2016-05-13T12:06:23","modified_gmt":"2016-05-13T17:06:23","slug":"en-morelia-estamos-listos-para-la-inversion-alfonso-martinez","status":"publish","type":"post","link":"https:\/\/radiowebmx.com\/nota\/en-morelia-estamos-listos-para-la-inversion-alfonso-martinez\/","title":{"rendered":"En Morelia, estamos listos para la inversi\u00f3n: Alfonso Mart\u00ednez"},"content":{"rendered":"<p>Por su ubicaci\u00f3n privilegiada, conectividad y caracter\u00edsticas socioculturales, Morelia tiene un gran potencial para el desarrollo econ\u00f3mico y la inversi\u00f3n, subray\u00f3 el Presidente Municipal, Alfonso Mart\u00ednez Alc\u00e1zar, al encabezar el desayuno empresarial de Oportunidades de Negocio Michoac\u00e1n-Asia con integrantes del Consejo Empresarial Mexicano de Comercio Exterior, Inversi\u00f3n y Tecnolog\u00eda A.C. (COMCE) en el estado.<\/p>\n<p>\u201cEn Morelia estamos listos para hacer negocios no solamente con los empresarios mexicanos sino de todo el mundo, porque gozamos de una excelente conectividad internacional por medio del Puerto de L\u00e1zaro C\u00e1rdenas, adem\u00e1s de que contamos con v\u00edas de comunicaci\u00f3n accesibles a las ciudades m\u00e1s importantes del pa\u00eds\u201d, puntualiz\u00f3 frente al Presidente de este organismo en el estado, Gilberto Morelos Favela, as\u00ed como del Presidente de la Secci\u00f3n Internacional para Asia y Occidente del COMCE nacional, Sergio Ley L\u00f3pez.<\/p>\n<p>El Alcalde resalt\u00f3 que la actual administraci\u00f3n de la mano de la ciudadan\u00eda, delinea el proyecto de Gran Visi\u00f3n Morelia Next, donde se contempla el desarrollo econ\u00f3mico y social de la ciudad a 25 a\u00f1os. Detall\u00f3 que entre los puntos principales destaca el potenciar la inversi\u00f3n en el municipio, considerando que la capital michoacana se encuentra en el centro de las ciudades de M\u00e9xico, Guadalajara, Le\u00f3n y Quer\u00e9taro, mismas que son de las avanzadas, as\u00ed como del Puerto de L\u00e1zaro C\u00e1rdenas.<\/p>\n<p>En este tenor, agreg\u00f3 que en comparaci\u00f3n con las localidades antes se\u00f1aladas, el municipio tiene grandes oportunidades, sobre todo si se toma en cuenta que la mano de obra es un 30 por ciento m\u00e1s econ\u00f3mica que en las ciudades aleda\u00f1as, por lo que podr\u00eda ser otro motivo para que las empresas se instalen en la capital michoacana.<\/p>\n<p>Por su parte, el Presidente de COMCE Michoac\u00e1n, Gilberto Morelos, especific\u00f3 que a trav\u00e9s de este encuentro se busca explorar, junto con las autoridades estatales y municipales, la posibilidad de que existan inversiones del exterior en Michoac\u00e1n y, particularmente, en Morelia.<\/p>\n<p>Es de se\u00f1alar, que a esta reuni\u00f3n tambi\u00e9n asistieron Carlos R\u00edo Valencia, Subsecretario de Desarrollo Econ\u00f3mico, Mohammad Syarif Alatas, Ministro Consejero de Asuntos Econ\u00f3micos de la Embajada de la Rep\u00fablica de Indonesia en M\u00e9xico, Banny Ratno Ramadhani, Director de la oficina de Promoci\u00f3n Comercial de la Embajada de Indonesia en M\u00e9xico, as\u00ed como empresarios michoacanos.<\/p>\n","protected":false},"excerpt":{"rendered":"<p>Por su ubicaci\u00f3n privilegiada, conectividad y caracter\u00edsticas socioculturales, Morelia tiene un gran potencial para el desarrollo econ\u00f3mico y la inversi\u00f3n, subray\u00f3 el Presidente Municipal, Alfonso Mart\u00ednez Alc\u00e1zar,<\/p>\n","protected":false},"author":1,"featured_media":0,"comment_status":"open","ping_status":"open","sticky":false,"template":"","format":"standard","meta":{"footnotes":""},"categories":[14,9],"tags":[],"class_list":["post-23378","post","type-post","status-publish","format-standard","hentry","category-destacadas","category-morelia"],"_links":{"self":[{"href":"https:\/\/radiowebmx.com\/nota\/wp-json\/wp\/v2\/posts\/23378","targetHints":{"allow":["GET"]}}],"collection":[{"href":"https:\/\/radiowebmx.com\/nota\/wp-json\/wp\/v2\/posts"}],"about":[{"href":"https:\/\/radiowebmx.com\/nota\/wp-json\/wp\/v2\/types\/post"}],"author":[{"embeddable":true,"href":"https:\/\/radiowebmx.com\/nota\/wp-json\/wp\/v2\/users\/1"}],"replies":[{"embeddable":true,"href":"https:\/\/radiowebmx.com\/nota\/wp-json\/wp\/v2\/comments?post=23378"}],"version-history":[{"count":1,"href":"https:\/\/radiowebmx.com\/nota\/wp-json\/wp\/v2\/posts\/23378\/revisions"}],"predecessor-version":[{"id":23379,"href":"https:\/\/radiowebmx.com\/nota\/wp-json\/wp\/v2\/posts\/23378\/revisions\/23379"}],"wp:attachment":[{"href":"https:\/\/radiowebmx.com\/nota\/wp-json\/wp\/v2\/media?parent=23378"}],"wp:term":[{"taxonomy":"category","embeddable":true,"href":"https:\/\/radiowebmx.com\/nota\/wp-json\/wp\/v2\/categories?post=23378"},{"taxonomy":"post_tag","embeddable":true,"href":"https:\/\/radiowebmx.com\/nota\/wp-json\/wp\/v2\/tags?post=23378"}],"curies":[{"name":"wp","href":"https:\/\/api.w.org\/{rel}","templated":true}]}}