{"id":23375,"date":"2016-05-13T11:34:06","date_gmt":"2016-05-13T16:34:06","guid":{"rendered":"https:\/\/radiowebmx.com\/nota\/?p=23375"},"modified":"2016-05-13T11:34:06","modified_gmt":"2016-05-13T16:34:06","slug":"ayuntamiento-de-morelia-revisara-a-detalle-los-perfiles-de-aspirantes-a-comisario-municipal","status":"publish","type":"post","link":"https:\/\/radiowebmx.com\/nota\/ayuntamiento-de-morelia-revisara-a-detalle-los-perfiles-de-aspirantes-a-comisario-municipal\/","title":{"rendered":"Ayuntamiento de Morelia revisar\u00e1 a detalle los perfiles de aspirantes a Comisario Municipal"},"content":{"rendered":"<p><a href=\"https:\/\/radiowebmx.com\/nota\/wp-content\/uploads\/2016\/05\/3cf583f8-f36c-4def-8959-02aae038e053.jpg\"><img loading=\"lazy\" decoding=\"async\" class=\"alignleft size-full wp-image-23376\" src=\"https:\/\/radiowebmx.com\/nota\/wp-content\/uploads\/2016\/05\/3cf583f8-f36c-4def-8959-02aae038e053.jpg\" alt=\"3cf583f8-f36c-4def-8959-02aae038e053\" width=\"591\" height=\"318\" srcset=\"https:\/\/radiowebmx.com\/nota\/wp-content\/uploads\/2016\/05\/3cf583f8-f36c-4def-8959-02aae038e053.jpg 591w, https:\/\/radiowebmx.com\/nota\/wp-content\/uploads\/2016\/05\/3cf583f8-f36c-4def-8959-02aae038e053-300x161.jpg 300w\" sizes=\"auto, (max-width: 591px) 100vw, 591px\" \/><\/a>El Ayuntamiento de Morelia evaluar\u00e1 los perfiles de los aspirantes a Comisario Municipal de la Polic\u00eda, para garantizar que este importante cargo sea ocupado por una persona con la trayectoria y capacidad adecuada.<\/p>\n<p>Lo anterior fue destacado en reuni\u00f3n de trabajo de la Comisi\u00f3n Especial para la Transici\u00f3n del Mando Unificado de la Polic\u00eda Municipal coordinada por la Regidora Kathia Elena Ortiz \u00c1vila, en la que estuvo presente el Comisionado de Seguridad, Bernardo Le\u00f3n Olea.<\/p>\n<p>Se inform\u00f3 que existen 5 perfiles -entre los que se encuentran mujeres y personas con trayectoria militar- los cuales ser\u00e1n entrevistados la siguiente semana en reuni\u00f3n encabezada por el Presidente Municipal, Alfonso Mart\u00ednez Alc\u00e1zar; los aspirantes fueron seleccionados de todos los \u00e1mbitos y se privilegiar\u00e1 al que cumpla con la preparaci\u00f3n adecuada.<\/p>\n<p>Ortiz \u00c1vila dio a conocer a los integrantes de esta \u00e1rea del Cuerpo Colegiado, que ser\u00e1 en sesi\u00f3n de trabajo en donde se podr\u00e1 conocer y entrevistar a estos postulantes para el cargo antes mencionado.<\/p>\n<p>En tanto, Bernardo Le\u00f3n Olea inform\u00f3 que se realizar\u00e1 el an\u00e1lisis y aprobaci\u00f3n por parte del Alcalde, la Comisi\u00f3n y el resto del Cabildo, para posteriormente en Sesi\u00f3n avalar el perfil con mayor preparaci\u00f3n y capacidad.<\/p>\n<p>El Comisionado de Seguridad Municipal record\u00f3 que esta reuni\u00f3n contribuir\u00e1 a la transparencia y apertura que ha instruido el Presidente Municipal, Alfonso Mart\u00ednez, para que cada proceso que haga el Ayuntamiento de Morelia, en este caso para seleccionar al responsable del \u00e1rea de mayor rango en la carrera policial, se haga con apertura.<\/p>\n","protected":false},"excerpt":{"rendered":"<p>El Ayuntamiento de Morelia evaluar\u00e1 los perfiles de los aspirantes a Comisario Municipal de la Polic\u00eda, para garantizar que este importante cargo sea ocupado por una persona con la trayectoria y capacidad adecuada.<\/p>\n","protected":false},"author":1,"featured_media":23376,"comment_status":"open","ping_status":"open","sticky":false,"template":"","format":"standard","meta":{"footnotes":""},"categories":[14,9],"tags":[],"class_list":["post-23375","post","type-post","status-publish","format-standard","has-post-thumbnail","hentry","category-destacadas","category-morelia"],"_links":{"self":[{"href":"https:\/\/radiowebmx.com\/nota\/wp-json\/wp\/v2\/posts\/23375","targetHints":{"allow":["GET"]}}],"collection":[{"href":"https:\/\/radiowebmx.com\/nota\/wp-json\/wp\/v2\/posts"}],"about":[{"href":"https:\/\/radiowebmx.com\/nota\/wp-json\/wp\/v2\/types\/post"}],"author":[{"embeddable":true,"href":"https:\/\/radiowebmx.com\/nota\/wp-json\/wp\/v2\/users\/1"}],"replies":[{"embeddable":true,"href":"https:\/\/radiowebmx.com\/nota\/wp-json\/wp\/v2\/comments?post=23375"}],"version-history":[{"count":1,"href":"https:\/\/radiowebmx.com\/nota\/wp-json\/wp\/v2\/posts\/23375\/revisions"}],"predecessor-version":[{"id":23377,"href":"https:\/\/radiowebmx.com\/nota\/wp-json\/wp\/v2\/posts\/23375\/revisions\/23377"}],"wp:featuredmedia":[{"embeddable":true,"href":"https:\/\/radiowebmx.com\/nota\/wp-json\/wp\/v2\/media\/23376"}],"wp:attachment":[{"href":"https:\/\/radiowebmx.com\/nota\/wp-json\/wp\/v2\/media?parent=23375"}],"wp:term":[{"taxonomy":"category","embeddable":true,"href":"https:\/\/radiowebmx.com\/nota\/wp-json\/wp\/v2\/categories?post=23375"},{"taxonomy":"post_tag","embeddable":true,"href":"https:\/\/radiowebmx.com\/nota\/wp-json\/wp\/v2\/tags?post=23375"}],"curies":[{"name":"wp","href":"https:\/\/api.w.org\/{rel}","templated":true}]}}