{"id":23369,"date":"2016-05-13T11:14:10","date_gmt":"2016-05-13T16:14:10","guid":{"rendered":"https:\/\/radiowebmx.com\/nota\/?p=23369"},"modified":"2016-05-13T11:14:10","modified_gmt":"2016-05-13T16:14:10","slug":"hoy-nortec-y-estudiantes-2x1-en-la-expo-fiesta-michoacan","status":"publish","type":"post","link":"https:\/\/radiowebmx.com\/nota\/hoy-nortec-y-estudiantes-2x1-en-la-expo-fiesta-michoacan\/","title":{"rendered":"Hoy, Nortec y estudiantes 2&#215;1 en la Expo Fiesta Michoac\u00e1n"},"content":{"rendered":"<p>La Expo Fiesta Michoac\u00e1n volver\u00e1 a vestirse de gala con la presentaci\u00f3n totalmente gratuita de Nortec, el legendario colectivo formado en la ciudad de Tijuana y que realiza m\u00fasica electr\u00f3nica mezclada con norte\u00f1a, as\u00ed como con banda sinaloense y tambora.<\/p>\n<p>\u200bAdem\u00e1s del concierto de Nortec \u2013que se llevar\u00e1 a cabo a partir de las 21:00 horas en el Teatro del Pueblo-, este jueves las y los asistentes al Recinto Ferial, sede de la Expo Fiesta Michoac\u00e1n, podr\u00e1n disfrutar a partir de las 18:00 horas en el Foro Cultural de las presentaciones de El Morro Palma, el Fantastik Circus y Revueltos Musical.<\/p>\n<p>\u200bComo cada jueves, hoy las y los estudiantes con credencial ingresar\u00e1n al 2&#215;1. Asimismo, como todos los d\u00edas de la semana, ingresan gratis los ni\u00f1os y las ni\u00f1as de hasta un metro de estatura, las y los adultos mayores con credencial del INAPAM, y las personas con discapacidad. El resto de las y los visitantes pagar\u00e1n s\u00f3lo 30 pesos.<\/p>\n<p>\u200bQuienes asistan hoy a la Expo Fiesta Michoac\u00e1n tambi\u00e9n podr\u00e1n disfrutar totalmente gratis de los nuevos espect\u00e1culos, como la Mansi\u00f3n del Terror, el Rodeo Infantil, el Nuevo Circo Michoacano con Evvo El Espect\u00e1culo, el Show Medieval, la Granja Tem\u00e1tica y el Espect\u00e1culo Ecuestre.<\/p>\n<p>\u200bAsimismo, podr\u00e1n recorrer la Expo Ganadera y los pabellones con que cuenta el m\u00e1ximo escaparate de las vocaciones productivas y las expresiones art\u00edsticas y culturales de la entidad.<\/p>\n<p>Este jueves la Expo Fiesta Michoac\u00e1n abrir\u00e1 sus puertas a las 12:00 horas y cerrar\u00e1 a las 01:00 horas del viernes.<\/p>\n","protected":false},"excerpt":{"rendered":"<p>La Expo Fiesta Michoac\u00e1n volver\u00e1 a vestirse de gala con la presentaci\u00f3n totalmente gratuita de Nortec, el legendario colectivo formado en la ciudad de Tijuana y que realiza m\u00fasica electr\u00f3nica mezclada con norte\u00f1a, as\u00ed como con banda sinaloense y tambora.<\/p>\n","protected":false},"author":1,"featured_media":23370,"comment_status":"open","ping_status":"open","sticky":false,"template":"","format":"standard","meta":{"footnotes":""},"categories":[14,3],"tags":[],"class_list":["post-23369","post","type-post","status-publish","format-standard","has-post-thumbnail","hentry","category-destacadas","category-gobierno-del-estado-de-michoacan"],"_links":{"self":[{"href":"https:\/\/radiowebmx.com\/nota\/wp-json\/wp\/v2\/posts\/23369","targetHints":{"allow":["GET"]}}],"collection":[{"href":"https:\/\/radiowebmx.com\/nota\/wp-json\/wp\/v2\/posts"}],"about":[{"href":"https:\/\/radiowebmx.com\/nota\/wp-json\/wp\/v2\/types\/post"}],"author":[{"embeddable":true,"href":"https:\/\/radiowebmx.com\/nota\/wp-json\/wp\/v2\/users\/1"}],"replies":[{"embeddable":true,"href":"https:\/\/radiowebmx.com\/nota\/wp-json\/wp\/v2\/comments?post=23369"}],"version-history":[{"count":1,"href":"https:\/\/radiowebmx.com\/nota\/wp-json\/wp\/v2\/posts\/23369\/revisions"}],"predecessor-version":[{"id":23371,"href":"https:\/\/radiowebmx.com\/nota\/wp-json\/wp\/v2\/posts\/23369\/revisions\/23371"}],"wp:featuredmedia":[{"embeddable":true,"href":"https:\/\/radiowebmx.com\/nota\/wp-json\/wp\/v2\/media\/23370"}],"wp:attachment":[{"href":"https:\/\/radiowebmx.com\/nota\/wp-json\/wp\/v2\/media?parent=23369"}],"wp:term":[{"taxonomy":"category","embeddable":true,"href":"https:\/\/radiowebmx.com\/nota\/wp-json\/wp\/v2\/categories?post=23369"},{"taxonomy":"post_tag","embeddable":true,"href":"https:\/\/radiowebmx.com\/nota\/wp-json\/wp\/v2\/tags?post=23369"}],"curies":[{"name":"wp","href":"https:\/\/api.w.org\/{rel}","templated":true}]}}