{"id":23366,"date":"2016-05-13T11:01:51","date_gmt":"2016-05-13T16:01:51","guid":{"rendered":"https:\/\/radiowebmx.com\/nota\/?p=23366"},"modified":"2016-05-13T11:01:51","modified_gmt":"2016-05-13T16:01:51","slug":"llama-wilfrido-lazaro-medina-al-trabajo-coordinado-y-efectivo","status":"publish","type":"post","link":"https:\/\/radiowebmx.com\/nota\/llama-wilfrido-lazaro-medina-al-trabajo-coordinado-y-efectivo\/","title":{"rendered":"Llama Wilfrido L\u00e1zaro Medina al trabajo coordinado y efectivo."},"content":{"rendered":"<p class=\"x_MsoNormal\"><a href=\"https:\/\/radiowebmx.com\/nota\/wp-content\/uploads\/2016\/05\/13219684_10209518128169708_1314016978_n.jpg\"><img loading=\"lazy\" decoding=\"async\" class=\"alignleft size-full wp-image-23367\" src=\"https:\/\/radiowebmx.com\/nota\/wp-content\/uploads\/2016\/05\/13219684_10209518128169708_1314016978_n.jpg\" alt=\"13219684_10209518128169708_1314016978_n\" width=\"395\" height=\"318\" srcset=\"https:\/\/radiowebmx.com\/nota\/wp-content\/uploads\/2016\/05\/13219684_10209518128169708_1314016978_n.jpg 395w, https:\/\/radiowebmx.com\/nota\/wp-content\/uploads\/2016\/05\/13219684_10209518128169708_1314016978_n-300x242.jpg 300w\" sizes=\"auto, (max-width: 395px) 100vw, 395px\" \/><\/a>&#8220;Hemos coincidido en que en Michoac\u00e1n se ha logrado la disminuci\u00f3n\u00a0 de los delitos llamados de alto impacto como el secuestro y la extorsi\u00f3n debido fundamentalmente a la coordinaci\u00f3n entre el gobierno federal y el del estado, sin embargo tambi\u00e9n seguiremos se\u00f1alando que es fundamental concretar las medidas de actuaci\u00f3n y coordinaci\u00f3n del mando \u00fanico policial en la entidad pues, mientras estemos en el limbo no podremos ser eficaces en la disminuci\u00f3n de los delitos del fuero com\u00fan que se han acrecentado por la migraci\u00f3n de la delincuencia que se organizaba para los delitos de alto impacto, ahora hacia los que afrentan a la sociedad toda con el robo de veh\u00edculos, de casas habitaci\u00f3n y de transe\u00fantes.<\/p>\n<p class=\"x_MsoNormal\">\n<p class=\"x_MsoNormal\">Morelia est\u00e1 aportando de manera significativa a la estad\u00edstica estatal del \u00edndice felicitaciones por la falta de una estrategia bien definida por parte de las autoridades de los diferentes \u00f3rdenes de gobierno. No existe coordinaci\u00f3n estrecha entre las diversas corporaciones que se observan en los cuatro sectores de las capital y ello provoca que pocas veces haya capacidad de respuesta ante los delitos que se cometen todos los d\u00edas&#8221; detall\u00f3 el legislador.<\/p>\n<p class=\"x_MsoNormal\">\n<p class=\"x_MsoNormal\">En este sentido, subray\u00f3 que la alta prioridad del trabajo coordinado y efectivo. Se ocupa actuar ante la denuncia ciudadana y enfrentar a la delincuencia para que no haya impunidad.<\/p>\n<p class=\"x_MsoNormal\">\n<p class=\"x_MsoNormal\">Existen muchas denuncias de vecinos que tienen botones de alarma ya pero no son atendidos con oportunidad y los que tratan de solicitar ayuda a los tel\u00e9fonos de emergencia en su gran mayor\u00eda no son contestadas sus llamadas.<\/p>\n<p class=\"x_MsoNormal\">\n<p class=\"x_MsoNormal\">Mientras no sea una sola la estrategia de seguridad en la capital Michoacana, seguiremos abonando a la estad\u00edstica que tiene al estado en un incremento del 37 por ciento en los delitos del fuero com\u00fan.<\/p>\n<p class=\"x_MsoNormal\">Mientras tanto los esquemas de organizaci\u00f3n y de actuaci\u00f3n de las diversas corporaciones que act\u00faan en Morelia son muy diversos y no tienen un protocolo de conjunto para apoyarse y actuar de conjunto, por lo que el llamado al Ejecutivo estatal as\u00ed como a las instituciones de seguridad que act\u00faan en Morelia y toda la entidad es a la coordinaci\u00f3n absoluta que permita dar resultados as\u00ed como los que se han dado para disminuir los delitos federales de manera sustantiva.<\/p>\n","protected":false},"excerpt":{"rendered":"<p>&#8220;Hemos coincidido en que en Michoac\u00e1n se ha logrado la disminuci\u00f3n  de los delitos llamados de alto impacto como el secuestro y la extorsi\u00f3n debido fundamentalmente a la coordinaci\u00f3n entre el gobierno federal y el del estado, <\/p>\n","protected":false},"author":1,"featured_media":23367,"comment_status":"open","ping_status":"open","sticky":false,"template":"","format":"standard","meta":{"footnotes":""},"categories":[6,14,7],"tags":[],"class_list":["post-23366","post","type-post","status-publish","format-standard","has-post-thumbnail","hentry","category-congreso-del-estado","category-destacadas","category-grupo-parlamentario-del-pri"],"_links":{"self":[{"href":"https:\/\/radiowebmx.com\/nota\/wp-json\/wp\/v2\/posts\/23366","targetHints":{"allow":["GET"]}}],"collection":[{"href":"https:\/\/radiowebmx.com\/nota\/wp-json\/wp\/v2\/posts"}],"about":[{"href":"https:\/\/radiowebmx.com\/nota\/wp-json\/wp\/v2\/types\/post"}],"author":[{"embeddable":true,"href":"https:\/\/radiowebmx.com\/nota\/wp-json\/wp\/v2\/users\/1"}],"replies":[{"embeddable":true,"href":"https:\/\/radiowebmx.com\/nota\/wp-json\/wp\/v2\/comments?post=23366"}],"version-history":[{"count":1,"href":"https:\/\/radiowebmx.com\/nota\/wp-json\/wp\/v2\/posts\/23366\/revisions"}],"predecessor-version":[{"id":23368,"href":"https:\/\/radiowebmx.com\/nota\/wp-json\/wp\/v2\/posts\/23366\/revisions\/23368"}],"wp:featuredmedia":[{"embeddable":true,"href":"https:\/\/radiowebmx.com\/nota\/wp-json\/wp\/v2\/media\/23367"}],"wp:attachment":[{"href":"https:\/\/radiowebmx.com\/nota\/wp-json\/wp\/v2\/media?parent=23366"}],"wp:term":[{"taxonomy":"category","embeddable":true,"href":"https:\/\/radiowebmx.com\/nota\/wp-json\/wp\/v2\/categories?post=23366"},{"taxonomy":"post_tag","embeddable":true,"href":"https:\/\/radiowebmx.com\/nota\/wp-json\/wp\/v2\/tags?post=23366"}],"curies":[{"name":"wp","href":"https:\/\/api.w.org\/{rel}","templated":true}]}}