{"id":23351,"date":"2016-05-12T14:50:05","date_gmt":"2016-05-12T19:50:05","guid":{"rendered":"https:\/\/radiowebmx.com\/nota\/?p=23351"},"modified":"2016-05-12T14:50:05","modified_gmt":"2016-05-12T19:50:05","slug":"inaugura-silvano-aureoles-unidad-especial-para-atencion-de-delitos-de-homicidios-contra-la-mujer","status":"publish","type":"post","link":"https:\/\/radiowebmx.com\/nota\/inaugura-silvano-aureoles-unidad-especial-para-atencion-de-delitos-de-homicidios-contra-la-mujer\/","title":{"rendered":"Inaugura Silvano Aureoles Unidad Especial para Atenci\u00f3n de Delitos de Homicidios contra la Mujer"},"content":{"rendered":"<p><a href=\"https:\/\/radiowebmx.com\/nota\/wp-content\/uploads\/2016\/05\/a357c52a-c6ba-47f8-a048-41a9aa3cc77e.jpg\"><img loading=\"lazy\" decoding=\"async\" class=\"alignleft size-full wp-image-23352\" src=\"https:\/\/radiowebmx.com\/nota\/wp-content\/uploads\/2016\/05\/a357c52a-c6ba-47f8-a048-41a9aa3cc77e.jpg\" alt=\"a357c52a-c6ba-47f8-a048-41a9aa3cc77e\" width=\"591\" height=\"304\" srcset=\"https:\/\/radiowebmx.com\/nota\/wp-content\/uploads\/2016\/05\/a357c52a-c6ba-47f8-a048-41a9aa3cc77e.jpg 591w, https:\/\/radiowebmx.com\/nota\/wp-content\/uploads\/2016\/05\/a357c52a-c6ba-47f8-a048-41a9aa3cc77e-300x154.jpg 300w\" sizes=\"auto, (max-width: 591px) 100vw, 591px\" \/><\/a>El Gobernador Constitucional, Silvano Aureoles Conejo, inaugur\u00f3 esta tarde la Unidad Especial para la Atenci\u00f3n de Delitos de Homicidios Cometidos en Agravio de la Mujer, donde asegur\u00f3 que, &#8220;pronto queremos entregarle resultados a las v\u00edctimas, a la sociedad michoacana, a los familiares ofendidos por esta realidad, pero sobre todo cumplir como Estado con una responsabilidad superior de proteger los derechos de las mujeres&#8221;.<\/p>\n<p>Acompa\u00f1ado de Alejandra Negrete Morayta, comisionada Nacional para Prevenir y Erradicar la Violencia contra las Mujeres; de la presidenta del Instituto Nacional de las Mujeres (Inmujeres), Lorena Cruz S\u00e1nchez y de L\u00e1zaro Gayt\u00e1n Aguirre, secretario Ejecutivo Adjunto del Sistema Nacional de Seguridad P\u00fablica, el mandatario reiter\u00f3 el compromiso de la administraci\u00f3n estatal de hacer la parte que le toca &#8220;sin titubeos&#8221; en este tema.<\/p>\n<p>Reconoci\u00f3 la rapidez y oportunidad con que la Procuradur\u00eda General de Justicia del Estado (PGJE), trabaj\u00f3 en la emisi\u00f3n del Decreto para que dicha Unidad inicie formalmente actividades; resalt\u00f3 la presencia de mujeres de la sociedad civil organizada, que desde hace muchos a\u00f1os han dado la batalla por la causa del sector femenino, \u201cen esta tarea por fomentar y proteger los derechos de las mujeres, vamos juntas y juntos\u201d.<\/p>\n<p>Refiri\u00f3 que hoy se da un paso muy significativo para atender una problem\u00e1tica que lastima como entidad y que ofende, el hecho de que Michoac\u00e1n sea el tercer estado a nivel nacional con el mayor n\u00famero de delitos cometidos en contra de las mujeres, pues enfatiz\u00f3 que esta condici\u00f3n no puede continuar as\u00ed, por ello destac\u00f3 la importancia de esta nueva instancia.<\/p>\n<p>Aureoles Conejo afirm\u00f3 que atender la problem\u00e1tica de la violencia contra las mujeres es una tarea transversal que obliga por ley y por un mandato constitucional al Poder Ejecutivo, pero tambi\u00e9n al Legislativo y al Judicial, y con ello trabajar en una asignatura pendiente, que es la justicia para las mujeres.<\/p>\n","protected":false},"excerpt":{"rendered":"<p>El Gobernador Constitucional, Silvano Aureoles Conejo, inaugur\u00f3 esta tarde la Unidad Especial para la Atenci\u00f3n de Delitos de Homicidios Cometidos en Agravio de la Mujer, donde asegur\u00f3 que, &#8220;pronto queremos entregarle resultados a las v\u00edctimas, <\/p>\n","protected":false},"author":1,"featured_media":23352,"comment_status":"open","ping_status":"open","sticky":false,"template":"","format":"standard","meta":{"footnotes":""},"categories":[14,3],"tags":[],"class_list":["post-23351","post","type-post","status-publish","format-standard","has-post-thumbnail","hentry","category-destacadas","category-gobierno-del-estado-de-michoacan"],"_links":{"self":[{"href":"https:\/\/radiowebmx.com\/nota\/wp-json\/wp\/v2\/posts\/23351","targetHints":{"allow":["GET"]}}],"collection":[{"href":"https:\/\/radiowebmx.com\/nota\/wp-json\/wp\/v2\/posts"}],"about":[{"href":"https:\/\/radiowebmx.com\/nota\/wp-json\/wp\/v2\/types\/post"}],"author":[{"embeddable":true,"href":"https:\/\/radiowebmx.com\/nota\/wp-json\/wp\/v2\/users\/1"}],"replies":[{"embeddable":true,"href":"https:\/\/radiowebmx.com\/nota\/wp-json\/wp\/v2\/comments?post=23351"}],"version-history":[{"count":1,"href":"https:\/\/radiowebmx.com\/nota\/wp-json\/wp\/v2\/posts\/23351\/revisions"}],"predecessor-version":[{"id":23353,"href":"https:\/\/radiowebmx.com\/nota\/wp-json\/wp\/v2\/posts\/23351\/revisions\/23353"}],"wp:featuredmedia":[{"embeddable":true,"href":"https:\/\/radiowebmx.com\/nota\/wp-json\/wp\/v2\/media\/23352"}],"wp:attachment":[{"href":"https:\/\/radiowebmx.com\/nota\/wp-json\/wp\/v2\/media?parent=23351"}],"wp:term":[{"taxonomy":"category","embeddable":true,"href":"https:\/\/radiowebmx.com\/nota\/wp-json\/wp\/v2\/categories?post=23351"},{"taxonomy":"post_tag","embeddable":true,"href":"https:\/\/radiowebmx.com\/nota\/wp-json\/wp\/v2\/tags?post=23351"}],"curies":[{"name":"wp","href":"https:\/\/api.w.org\/{rel}","templated":true}]}}