{"id":23343,"date":"2016-05-12T13:33:10","date_gmt":"2016-05-12T18:33:10","guid":{"rendered":"https:\/\/radiowebmx.com\/nota\/?p=23343"},"modified":"2016-05-12T13:33:10","modified_gmt":"2016-05-12T18:33:10","slug":"analizan-estrategias-para-el-rescate-de-los-bosques-y-selvas-de-michoacan","status":"publish","type":"post","link":"https:\/\/radiowebmx.com\/nota\/analizan-estrategias-para-el-rescate-de-los-bosques-y-selvas-de-michoacan\/","title":{"rendered":"Analizan estrategias para el rescate de los bosques y selvas de Michoac\u00e1n"},"content":{"rendered":"<figure id=\"attachment_23345\" aria-describedby=\"caption-attachment-23345\" style=\"width: 591px\" class=\"wp-caption alignleft\"><a href=\"https:\/\/radiowebmx.com\/nota\/wp-content\/uploads\/2016\/05\/b0908644-5929-4ca7-95e0-5b2cec9d871d.jpg\"><img loading=\"lazy\" decoding=\"async\" class=\"size-full wp-image-23345\" src=\"https:\/\/radiowebmx.com\/nota\/wp-content\/uploads\/2016\/05\/b0908644-5929-4ca7-95e0-5b2cec9d871d.jpg\" alt=\"SONY DSC\" width=\"591\" height=\"333\" srcset=\"https:\/\/radiowebmx.com\/nota\/wp-content\/uploads\/2016\/05\/b0908644-5929-4ca7-95e0-5b2cec9d871d.jpg 591w, https:\/\/radiowebmx.com\/nota\/wp-content\/uploads\/2016\/05\/b0908644-5929-4ca7-95e0-5b2cec9d871d-300x169.jpg 300w, https:\/\/radiowebmx.com\/nota\/wp-content\/uploads\/2016\/05\/b0908644-5929-4ca7-95e0-5b2cec9d871d-128x72.jpg 128w\" sizes=\"auto, (max-width: 591px) 100vw, 591px\" \/><\/a><figcaption id=\"caption-attachment-23345\" class=\"wp-caption-text\">SONY DSC<\/figcaption><\/figure>\n<p>En Michoac\u00e1n las autoridades no permitir\u00e1n los cambios de uso de suelo y evitar\u00e1n la plantaci\u00f3n de cultivos en terrenos de vocaci\u00f3n forestal, asegur\u00f3 el director general de la Comisi\u00f3n Forestal del Estado de Michoac\u00e1n (Cofom), Roberto P\u00e9rez Medrano.<\/p>\n<p>\u201cEl sector forestal es parte fundamental de la vida econ\u00f3mica, social y ambiental de Michoac\u00e1n. Nuestra entidad federativa ocupa el quinto lugar en biodiversidad, somos el primer lugar nacional de la producci\u00f3n de resina, primer lugar en el n\u00famero de industrias forestales, y tercer lugar en producci\u00f3n de madera de con\u00edferas\u201d, expuso.<\/p>\n<p>El funcionario estatal se\u00f1al\u00f3 lo anterior al poner en marcha el Primer Seminario de Recursos Forestales Plataforma para el rescate de los Bosques y Selvas de Michoac\u00e1n, que se llevar\u00e1 a cabo durante dos d\u00edas con la participaci\u00f3n de autoridades forestales, ambientales y de la academia, en la b\u00fasqueda de crear sinergias para el desarrollo sostenible del bosque.<\/p>\n<p>Adem\u00e1s, durante el foro se analizar\u00e1 el uso sostenible de los ecosistemas terrestres, la gesti\u00f3n gubernamental para el desarrollo de los bosques, el combate de la desertificaci\u00f3n y detener la perdida de la biodiversidad.<\/p>\n<p>De la misma manera el titular de la COFOM hizo un an\u00e1lisis de la actual temporada de incendios forestales, destacando los \u00edndices de eficiencia operativa que se tienen en Michoac\u00e1n.<\/p>\n<p>Al respecto, destac\u00f3 que la detecci\u00f3n se efect\u00faa en 15 minutos, la llegada de la brigada se da en 50 minutos en promedio, y las labores de combate requieren poco m\u00e1s de siete horas.<\/p>\n<p>En lo que respecta a los incendios que se registraron en el Pico de Tanc\u00edtaro y en el Cerro de la Cruz, se\u00f1al\u00f3 que en ambos casos se estableci\u00f3 el Equipo Estatal de Manejo de Incidentes, bajo la direcci\u00f3n de la Secretar\u00eda de Medio Ambiente, Recursos Naturales y Cambio Clim\u00e1tico, la Cofom y la Comisi\u00f3n Nacional Forestal, adem\u00e1s del personal especializado de los estados de M\u00e9xico, Jalisco y Morelos.<\/p>\n","protected":false},"excerpt":{"rendered":"<p>En Michoac\u00e1n las autoridades no permitir\u00e1n los cambios de uso de suelo y evitar\u00e1n la plantaci\u00f3n de cultivos en terrenos de vocaci\u00f3n forestal, asegur\u00f3 el director general de la Cofom, Roberto P\u00e9rez Medrano.<\/p>\n","protected":false},"author":1,"featured_media":23345,"comment_status":"open","ping_status":"open","sticky":false,"template":"","format":"standard","meta":{"footnotes":""},"categories":[14,3],"tags":[],"class_list":["post-23343","post","type-post","status-publish","format-standard","has-post-thumbnail","hentry","category-destacadas","category-gobierno-del-estado-de-michoacan"],"_links":{"self":[{"href":"https:\/\/radiowebmx.com\/nota\/wp-json\/wp\/v2\/posts\/23343","targetHints":{"allow":["GET"]}}],"collection":[{"href":"https:\/\/radiowebmx.com\/nota\/wp-json\/wp\/v2\/posts"}],"about":[{"href":"https:\/\/radiowebmx.com\/nota\/wp-json\/wp\/v2\/types\/post"}],"author":[{"embeddable":true,"href":"https:\/\/radiowebmx.com\/nota\/wp-json\/wp\/v2\/users\/1"}],"replies":[{"embeddable":true,"href":"https:\/\/radiowebmx.com\/nota\/wp-json\/wp\/v2\/comments?post=23343"}],"version-history":[{"count":1,"href":"https:\/\/radiowebmx.com\/nota\/wp-json\/wp\/v2\/posts\/23343\/revisions"}],"predecessor-version":[{"id":23346,"href":"https:\/\/radiowebmx.com\/nota\/wp-json\/wp\/v2\/posts\/23343\/revisions\/23346"}],"wp:featuredmedia":[{"embeddable":true,"href":"https:\/\/radiowebmx.com\/nota\/wp-json\/wp\/v2\/media\/23345"}],"wp:attachment":[{"href":"https:\/\/radiowebmx.com\/nota\/wp-json\/wp\/v2\/media?parent=23343"}],"wp:term":[{"taxonomy":"category","embeddable":true,"href":"https:\/\/radiowebmx.com\/nota\/wp-json\/wp\/v2\/categories?post=23343"},{"taxonomy":"post_tag","embeddable":true,"href":"https:\/\/radiowebmx.com\/nota\/wp-json\/wp\/v2\/tags?post=23343"}],"curies":[{"name":"wp","href":"https:\/\/api.w.org\/{rel}","templated":true}]}}