{"id":23340,"date":"2016-05-12T13:19:03","date_gmt":"2016-05-12T18:19:03","guid":{"rendered":"https:\/\/radiowebmx.com\/nota\/?p=23340"},"modified":"2016-05-12T13:19:03","modified_gmt":"2016-05-12T18:19:03","slug":"sesiona-la-subcomision-especial-para-la-enajenacion-de-bienes-improductivos","status":"publish","type":"post","link":"https:\/\/radiowebmx.com\/nota\/sesiona-la-subcomision-especial-para-la-enajenacion-de-bienes-improductivos\/","title":{"rendered":"Sesiona la Subcomisi\u00f3n Especial para la Enajenaci\u00f3n de Bienes Improductivos"},"content":{"rendered":"<p><a href=\"https:\/\/radiowebmx.com\/nota\/wp-content\/uploads\/2016\/05\/ee9878be-0639-4f55-a6bd-aeb4596efde4.jpg\"><img loading=\"lazy\" decoding=\"async\" class=\"alignleft size-full wp-image-23341\" src=\"https:\/\/radiowebmx.com\/nota\/wp-content\/uploads\/2016\/05\/ee9878be-0639-4f55-a6bd-aeb4596efde4.jpg\" alt=\"ee9878be-0639-4f55-a6bd-aeb4596efde4\" width=\"591\" height=\"294\" srcset=\"https:\/\/radiowebmx.com\/nota\/wp-content\/uploads\/2016\/05\/ee9878be-0639-4f55-a6bd-aeb4596efde4.jpg 591w, https:\/\/radiowebmx.com\/nota\/wp-content\/uploads\/2016\/05\/ee9878be-0639-4f55-a6bd-aeb4596efde4-300x149.jpg 300w\" sizes=\"auto, (max-width: 591px) 100vw, 591px\" \/><\/a>Con la realizaci\u00f3n de la primera sesi\u00f3n ordinaria de la Subcomisi\u00f3n Especial para la Enajenaci\u00f3n de Bienes Improductivos, el Gobierno del Estado, a trav\u00e9s de la Secretar\u00eda de Finanzas y Administraci\u00f3n, buscar\u00e1 enajenar bienes inmuebles que hayan dejado de ser \u00fatiles derivado de la condici\u00f3n que presentan y que impide su reutilizaci\u00f3n.<\/p>\n<p>Estas acciones tienen por objetivo evitar la acumulaci\u00f3n de chatarra en bodegas y corralones estatales, y generar as\u00ed un espacio \u00fatil para el resguardo de bienes en buenas condiciones.<\/p>\n<p>Entre los bienes a enajenar destacan veh\u00edculos automotores, muebles y equipos de c\u00f3mputo.<\/p>\n<p>La convocatoria para la adquisici\u00f3n de estos bienes improductivos se realizar\u00e1 de manera abierta a la poblaci\u00f3n, es decir, cualquier persona interesada en concursar podr\u00e1 hacerlo; sin embargo, se deber\u00e1 esperar la publicaci\u00f3n de la misma, la cual ser\u00e1 difundida en medios de comunicaci\u00f3n en fechas pr\u00f3ximas.<\/p>\n","protected":false},"excerpt":{"rendered":"<p>Con la realizaci\u00f3n de la primera sesi\u00f3n ordinaria de la Subcomisi\u00f3n Especial para la Enajenaci\u00f3n de Bienes Improductivos, el Gobierno del Estado, a trav\u00e9s de la Secretar\u00eda de Finanzas y Administraci\u00f3n, <\/p>\n","protected":false},"author":1,"featured_media":23341,"comment_status":"open","ping_status":"open","sticky":false,"template":"","format":"standard","meta":{"footnotes":""},"categories":[14,3],"tags":[],"class_list":["post-23340","post","type-post","status-publish","format-standard","has-post-thumbnail","hentry","category-destacadas","category-gobierno-del-estado-de-michoacan"],"_links":{"self":[{"href":"https:\/\/radiowebmx.com\/nota\/wp-json\/wp\/v2\/posts\/23340","targetHints":{"allow":["GET"]}}],"collection":[{"href":"https:\/\/radiowebmx.com\/nota\/wp-json\/wp\/v2\/posts"}],"about":[{"href":"https:\/\/radiowebmx.com\/nota\/wp-json\/wp\/v2\/types\/post"}],"author":[{"embeddable":true,"href":"https:\/\/radiowebmx.com\/nota\/wp-json\/wp\/v2\/users\/1"}],"replies":[{"embeddable":true,"href":"https:\/\/radiowebmx.com\/nota\/wp-json\/wp\/v2\/comments?post=23340"}],"version-history":[{"count":1,"href":"https:\/\/radiowebmx.com\/nota\/wp-json\/wp\/v2\/posts\/23340\/revisions"}],"predecessor-version":[{"id":23342,"href":"https:\/\/radiowebmx.com\/nota\/wp-json\/wp\/v2\/posts\/23340\/revisions\/23342"}],"wp:featuredmedia":[{"embeddable":true,"href":"https:\/\/radiowebmx.com\/nota\/wp-json\/wp\/v2\/media\/23341"}],"wp:attachment":[{"href":"https:\/\/radiowebmx.com\/nota\/wp-json\/wp\/v2\/media?parent=23340"}],"wp:term":[{"taxonomy":"category","embeddable":true,"href":"https:\/\/radiowebmx.com\/nota\/wp-json\/wp\/v2\/categories?post=23340"},{"taxonomy":"post_tag","embeddable":true,"href":"https:\/\/radiowebmx.com\/nota\/wp-json\/wp\/v2\/tags?post=23340"}],"curies":[{"name":"wp","href":"https:\/\/api.w.org\/{rel}","templated":true}]}}