{"id":23335,"date":"2016-05-12T13:04:19","date_gmt":"2016-05-12T18:04:19","guid":{"rendered":"https:\/\/radiowebmx.com\/nota\/?p=23335"},"modified":"2016-05-12T13:04:19","modified_gmt":"2016-05-12T18:04:19","slug":"prepara-silva-tejeda-la-reestructuracion-municipal-del-pri","status":"publish","type":"post","link":"https:\/\/radiowebmx.com\/nota\/prepara-silva-tejeda-la-reestructuracion-municipal-del-pri\/","title":{"rendered":"PREPARA SILVA TEJEDA LA REESTRUCTURACI\u00d3N MUNICIPAL DEL PRI"},"content":{"rendered":"<p class=\"x_MsoNormal\"><span lang=\"ES-MX\"><a href=\"https:\/\/radiowebmx.com\/nota\/wp-content\/uploads\/2016\/05\/DSC_0098.jpg\"><img loading=\"lazy\" decoding=\"async\" class=\"alignleft size-full wp-image-23336\" src=\"https:\/\/radiowebmx.com\/nota\/wp-content\/uploads\/2016\/05\/DSC_0098.jpg\" alt=\"DSC_0098\" width=\"591\" height=\"307\" srcset=\"https:\/\/radiowebmx.com\/nota\/wp-content\/uploads\/2016\/05\/DSC_0098.jpg 591w, https:\/\/radiowebmx.com\/nota\/wp-content\/uploads\/2016\/05\/DSC_0098-300x156.jpg 300w\" sizes=\"auto, (max-width: 591px) 100vw, 591px\" \/><\/a>El presidente del PRI estatal, V\u00edctor Silva Tejeda, arranc\u00f3 con las reuniones de trabajo para el fortalecimiento y la reestructuraci\u00f3n del partido.<\/span><\/p>\n<p class=\"x_MsoNormal\"><span lang=\"ES-MX\">En el encuentro con las estructuras de los municipios que integran el distrito 07 local de Zacapu, el dirigente dej\u00f3 en claro su principal compromiso: tener un partido fuerte y que triunfe en el 2018.<\/span><\/p>\n<p class=\"x_MsoNormal\"><span lang=\"ES-MX\">En las pr\u00f3ximas semanas se lanzar\u00e1 la convocatoria para la renovaci\u00f3n de los Comit\u00e9s Municipales y de los Consejos Pol\u00edticos locales, pendiente de realizarse al menos desde hace una d\u00e9cada, anunci\u00f3 Silva Tejeda, acompa\u00f1ado por los secretarios Antonio Guzm\u00e1n Casta\u00f1eda, de Organizaci\u00f3n; Ignacio Banderas, general adjunto a la Presidencia; y Jes\u00fas Remigio Garc\u00eda, de Acci\u00f3n Electoral del partido.<\/span><\/p>\n<p class=\"x_MsoNormal\"><span lang=\"ES-MX\">&#8220;Hoy tenemos tiempo, dos a\u00f1os, a partir de junio pr\u00f3ximo para trabajar, organizarnos y no poner pretextos para obtener buenos resultados en el 2018&#8221;, destac\u00f3 el tambi\u00e9n diputado federal.<\/span><\/p>\n<p class=\"x_MsoNormal\"><span lang=\"ES-MX\">&#8220;El prop\u00f3sito de esta reuni\u00f3n es fortalecer al partido fuerte y que el d\u00eda que arranquemos campa\u00f1as ya sepamos que vamos a ganar&#8221;, extern\u00f3 el presidente del Comit\u00e9 Directivo Estatal.<\/span><\/p>\n<p class=\"x_MsoNormal\"><span lang=\"ES-MX\">&#8220;Queremos iniciar desde hoy nuestro trabajo, no dentro de 5 meses o dos a\u00f1os. El presidente del partido, Manlio Fabio Beltrones, nos ha instruido estructurar un Comit\u00e9 Estatal fuerte. Venimos a presentarnos. Tenemos el tiempo, las ganas y la decisi\u00f3n&#8221;.<\/span><\/p>\n<p class=\"x_MsoNormal\"><span lang=\"ES-MX\">Silva Tejeda asegur\u00f3 que en los pr\u00f3ximos a\u00f1os iremos viendo los beneficios de las grandes reformas estructurales impulsadas por el presidente Enrique Pe\u00f1a Nieto.<\/span><\/p>\n<p class=\"x_MsoNormal\"><span lang=\"ES-MX\">Adelant\u00f3 que el tricolor obtendr\u00e1 muy buenos resultados en las 12 elecciones de gobernador a celebrarse el pr\u00f3ximo 5 de junio. \u201cYa no queremos seguir volteando para atr\u00e1s, salvo para no repetir los mismos errores, pero ya no para reprocharnos&#8221;.<\/span><\/p>\n<p class=\"x_MsoNormal\"><span lang=\"ES-MX\">F<\/span>inalmente, Silva Tejeda advirti\u00f3 que &#8220;quien no trabaje que luego no reclame que no tiene espacios de participaci\u00f3n. Ahora es cuando. Los convoco a seguir el ejemplo de la conformaci\u00f3n del Comit\u00e9 Directivo Estatal: Unidad, inclusi\u00f3n y no voltear a ver para atr\u00e1s&#8221;.<\/p>\n<p class=\"x_MsoNormal\"><span lang=\"ES-MX\">Entre los asistentes destac\u00f3 el hecho de que no recordaba otra reuni\u00f3n municipal del partido en que hayan estado presentes tantos secretarios del CDE. &#8220;Necesitamos proyectos de trabajo y abanderar causas ciudadanas. Dejar atr\u00e1s egos y ambiciones personales. Es tiempo de evolucionar. Veo que a niveles estatal hay diferencias, pero tambi\u00e9n logran los acuerdos y aqu\u00ed no&#8221;.<\/span><\/p>\n<p class=\"x_MsoNormal\"><span lang=\"ES-MX\">Destacaron la gran convocatoria de V\u00edctor Silva Tejeda, ya que el Comit\u00e9 Municipal se vio abarrotado por priistas de Coeneo, Tlazazalca, Nahuatzen, Pur\u00e9pero , Huaniqueo y Jim\u00e9nez.<\/span><\/p>\n<p class=\"x_MsoNormal\"><span lang=\"ES-MX\">Por la tarde, Silva Tejeda encabez\u00f3 reuni\u00f3n con los Comit\u00e9s Municipales que integran el Distrito 02 de Puru\u00e1ndiro que son: Angamacutiro, Chuc\u00e1ndiro, Cop\u00e1ndaro, Huandacareo, Morelos, Jos\u00e9 Sixto Verduzco y\u00a0 Panind\u00edcuaro.<\/span><\/p>\n","protected":false},"excerpt":{"rendered":"<p>El presidente del PRI estatal, V\u00edctor Silva Tejeda, arranc\u00f3 con las reuniones de trabajo para el fortalecimiento y la reestructuraci\u00f3n del partido.<\/p>\n","protected":false},"author":1,"featured_media":23336,"comment_status":"open","ping_status":"open","sticky":false,"template":"","format":"standard","meta":{"footnotes":""},"categories":[14,11,12],"tags":[],"class_list":["post-23335","post","type-post","status-publish","format-standard","has-post-thumbnail","hentry","category-destacadas","category-partidos-politicos","category-pri"],"_links":{"self":[{"href":"https:\/\/radiowebmx.com\/nota\/wp-json\/wp\/v2\/posts\/23335","targetHints":{"allow":["GET"]}}],"collection":[{"href":"https:\/\/radiowebmx.com\/nota\/wp-json\/wp\/v2\/posts"}],"about":[{"href":"https:\/\/radiowebmx.com\/nota\/wp-json\/wp\/v2\/types\/post"}],"author":[{"embeddable":true,"href":"https:\/\/radiowebmx.com\/nota\/wp-json\/wp\/v2\/users\/1"}],"replies":[{"embeddable":true,"href":"https:\/\/radiowebmx.com\/nota\/wp-json\/wp\/v2\/comments?post=23335"}],"version-history":[{"count":1,"href":"https:\/\/radiowebmx.com\/nota\/wp-json\/wp\/v2\/posts\/23335\/revisions"}],"predecessor-version":[{"id":23337,"href":"https:\/\/radiowebmx.com\/nota\/wp-json\/wp\/v2\/posts\/23335\/revisions\/23337"}],"wp:featuredmedia":[{"embeddable":true,"href":"https:\/\/radiowebmx.com\/nota\/wp-json\/wp\/v2\/media\/23336"}],"wp:attachment":[{"href":"https:\/\/radiowebmx.com\/nota\/wp-json\/wp\/v2\/media?parent=23335"}],"wp:term":[{"taxonomy":"category","embeddable":true,"href":"https:\/\/radiowebmx.com\/nota\/wp-json\/wp\/v2\/categories?post=23335"},{"taxonomy":"post_tag","embeddable":true,"href":"https:\/\/radiowebmx.com\/nota\/wp-json\/wp\/v2\/tags?post=23335"}],"curies":[{"name":"wp","href":"https:\/\/api.w.org\/{rel}","templated":true}]}}